{"id":25440,"date":"2015-11-22T17:37:33","date_gmt":"2015-11-22T22:37:33","guid":{"rendered":"http:\/\/contraluzcucuta.co\/?p=25440"},"modified":"2015-11-27T16:43:06","modified_gmt":"2015-11-27T21:43:06","slug":"futbol-profesional-diatriba-para-mantener-encadenado-al-cucuta-deportivo","status":"publish","type":"post","link":"https:\/\/contraluzcucuta.co\/?p=25440","title":{"rendered":"F\u00daTBOL PROFESIONAL. Diatriba para mantener enCADENAdo al C\u00facuta Deportivo"},"content":{"rendered":"<p><strong>C\u00daCUTA.-<\/strong> Y la final, se cumpli\u00f3 con lo presupuestado durante el 2015, el C\u00facuta Deportivo regresar\u00eda a la segunda divisi\u00f3n del f\u00fatbol profesional colombiano. El mal no est\u00e1 en las s\u00e1banas, solo es revisar lo que es el equipo para comprender lo ocurrido. No m\u00e1s madrazos a Jos\u00e9 Augusto Cadena, ni m\u00e1s lamentaciones por el regalo de Pablo Escobar para la \u00faltima derrota del once rojinegro en el General Santander.<\/p>\n<p>Partamos de una pregunta simple. \u00bfQu\u00e9 es el C\u00facuta Deportivo? Respuesta simple. Una empresa privada con visos de corporaci\u00f3n y con algunas prebendas que ofrece el gobierno cucute\u00f1o por dar diversi\u00f3n a los aficionados.<\/p>\n<p>Entonces \u00bfpor qu\u00e9 la prensa se rasga las vestiduras y trata de imponer nombres que no corresponden al elenco local? \u00bfPor qu\u00e9 los desalmados de la Banda del Indio cometen actos vand\u00e1licos a nombre de una bandera que no les corresponde? \u00bfPor qu\u00e9 los hinchas de vieja data dejan de asistir al estadio a pesar de tener el abono comprado? \u00bfPor qu\u00e9 algunos a\u00f1oran la vuelta de Ramiro Su\u00e1rez a la direcci\u00f3n del cuadro fronterizo? Tantos por qu\u00e9s que surgen en el momento de reflexi\u00f3n tienen una respuesta simple a manera de interrogante.<\/p>\n<p>Si el equipo es de la ciudad \u00bfpor qu\u00e9 los aficionados no compraron las acciones que se pusieron a la venta? El esfuerzo econ\u00f3mico siempre ha sido de unos pocos accionistas. As\u00ed lo demuestra la historia. Repasemos. Germ\u00e1n Guerrero, los V\u00e9lez, los Garc\u00eda, los Torrado, los Su\u00e1rez, los Pach\u00f3n, los unos y los otros, los de aqu\u00ed y los de all\u00e1, los buenos y los malos.<\/p>\n<p>En la ciudad los procesos de democratizaci\u00f3n del club no han dado los resultados esperados. \u00a0El costo de las acciones, la desconfianza en los directivos, la poca cultura del ahorro, el desinter\u00e9s por invertir a largo plazo, el cortoplacismo que carcome a los cucute\u00f1os, la escasez de pol\u00edticas que despierten el sentido de pertenencia, el arribismo de muchos, el \u2018abajismo\u2019 de los dem\u00e1s, son los argumentos que siempre se esgrimen para no participar en proyectos de largo alcance.<\/p>\n<p>Y cuando aparece un mercenario, un comerciante, un negociante, lo apabullan con ep\u00edtetos y adjetivos descalificativos para decir que es malo, que viene a robarse el equipo, que solo tiene intereses econ\u00f3micos personales. Pero nadie se le mide a comparar la chequera y a sacar esos miles de millones que invierte para hacer su negocio, para montar su empresa con sello individual y para obtener las ganancias que otros sacaron del mismo bolsillo de los aficionados, y a los que no se les han pedido cuentas.<\/p>\n<p>O \u00bfacaso porque alguien compra una camisa al a\u00f1o en Arturo Calle y un pantal\u00f3n en Gino Passcalli tiene derechos adquiridos para meterse con esas empresas y armar cada domingo alharacas frente a los almacenes para reclamar por la calidad de los hilos y lo torcido de las costuras? No, esas son empresas privadas como el C\u00facuta Deportivo. Los compradores van a las vitrinas y quedan extasiados con las pintas que exhiben, con las combinaciones que promueven y con los precios que ofrecen. Eso es el C\u00facuta, una empresa que muestra jugadores, que vende ilusiones y que cobra para que el que quiera disfrute.<\/p>\n<p>El presidente Jos\u00e9 se mostr\u00f3 como un hombre Augusto que at\u00f3 con su Cadena al cuadro rojinegro a la desgracia y para qu\u00e9 reclamarle si los pueblos se merecen los dirigentes que crean. Aqu\u00ed no sali\u00f3 nadie con suficientes billetes para adquirir el equipo, y \u00e9l, como buen mercader, vio la oportunidad y compr\u00f3 pan para vender tortas y llen\u00f3 la canasta con las ganancias.<\/p>\n<p>\u00bfQue en el 2016 no se ver\u00e1 buen f\u00fatbol en la capital de Norte de Santander? Mentiras. Para eso est\u00e1n los canales de televisi\u00f3n y con los pesos de las entradas al General Santander pueden comprarse derechos de operadores que muestran los partidos de Espa\u00f1a, Italia, Inglaterra, Rusia, Portugal, Alemania, Argentina, Per\u00fa, M\u00e9xico y hasta los de Colombia. Y paren de contar.<\/p>\n<p>A cambio de acusar a Cadena y de llenarlo de maldiciones, hay es que agradecerle por haber mantenido el equipo un a\u00f1o m\u00e1s y pedirle, con las manos juntas, que no se vaya de la ciudad, que Pereira no es plaza para invertir, que no cometa el error de entregar las acciones, que persista, que persevere en la B. No importa por cu\u00e1nto tiempo.<\/p>\n<p>Y a Pablo Escobar reconocerle c\u00f3mo es que se obedecen las \u00f3rdenes de los patrones. A qui\u00e9n le importan los insultos de vendedores que dejan de tener el sustento familiar, a qui\u00e9n le hacen mella los sue\u00f1os perdidos de ni\u00f1os que lo ve\u00edan como ejemplo para imitar, a qui\u00e9n le interesan los gritos angustiados de madres que ten\u00edan el futuro del hijo mayor pintado de rojo y negro, a qui\u00e9n le incumben los comentarios salidos por la radio de hombres y mujeres que ahora deben buscar el salario lejos del estadio. A nadie. Y menos a Pablo Escobar. Por eso el \u00faltimo regalo de la temporada 2015, para completar el rid\u00edculo del a\u00f1o.<\/p>\n<p><strong>RAFAEL ANTONIO PAB\u00d3N<\/strong><\/p>\n<p><strong><a href=\"mailto:rafaelpabon58@hotmail.com\">rafaelpabon58@hotmail.com<\/a><\/strong><\/p>\n<p><strong>Foto: <a href=\"http:\/\/www.contraluzcucuta.co\">www.contraluzcucuta.co<\/a><\/strong> <\/p>\n","protected":false},"excerpt":{"rendered":"<p>C\u00daCUTA.- Y la final, se cumpli\u00f3 con lo presupuestado durante el 2015, el C\u00facuta Deportivo regresar\u00eda a la segunda divisi\u00f3n del f\u00fatbol profesional colombiano. El mal no est\u00e1 en las s\u00e1banas, solo es revisar lo que es el equipo para comprender lo ocurrido. No m\u00e1s madrazos a Jos\u00e9 Augusto Cadena, ni m\u00e1s lamentaciones por el &hellip;<\/p>\n","protected":false},"author":1,"featured_media":25441,"comment_status":"open","ping_status":"open","sticky":false,"template":"","format":"standard","meta":{"footnotes":""},"categories":[28],"tags":[192,1396,2569,301],"class_list":["post-25440","post","type-post","status-publish","format-standard","has-post-thumbnail","hentry","category-vistazo-deportivo","tag-cucuta-deportivo","tag-dimayor","tag-fedefutbol","tag-futbol-profesional-colombiano"],"_links":{"self":[{"href":"https:\/\/contraluzcucuta.co\/index.php?rest_route=\/wp\/v2\/posts\/25440","targetHints":{"allow":["GET"]}}],"collection":[{"href":"https:\/\/contraluzcucuta.co\/index.php?rest_route=\/wp\/v2\/posts"}],"about":[{"href":"https:\/\/contraluzcucuta.co\/index.php?rest_route=\/wp\/v2\/types\/post"}],"author":[{"embeddable":true,"href":"https:\/\/contraluzcucuta.co\/index.php?rest_route=\/wp\/v2\/users\/1"}],"replies":[{"embeddable":true,"href":"https:\/\/contraluzcucuta.co\/index.php?rest_route=%2Fwp%2Fv2%2Fcomments&post=25440"}],"version-history":[{"count":1,"href":"https:\/\/contraluzcucuta.co\/index.php?rest_route=\/wp\/v2\/posts\/25440\/revisions"}],"predecessor-version":[{"id":25442,"href":"https:\/\/contraluzcucuta.co\/index.php?rest_route=\/wp\/v2\/posts\/25440\/revisions\/25442"}],"wp:featuredmedia":[{"embeddable":true,"href":"https:\/\/contraluzcucuta.co\/index.php?rest_route=\/wp\/v2\/media\/25441"}],"wp:attachment":[{"href":"https:\/\/contraluzcucuta.co\/index.php?rest_route=%2Fwp%2Fv2%2Fmedia&parent=25440"}],"wp:term":[{"taxonomy":"category","embeddable":true,"href":"https:\/\/contraluzcucuta.co\/index.php?rest_route=%2Fwp%2Fv2%2Fcategories&post=25440"},{"taxonomy":"post_tag","embeddable":true,"href":"https:\/\/contraluzcucuta.co\/index.php?rest_route=%2Fwp%2Fv2%2Ftags&post=25440"}],"curies":[{"name":"wp","href":"https:\/\/api.w.org\/{rel}","templated":true}]}}