{"id":25437,"date":"2015-11-22T16:18:03","date_gmt":"2015-11-22T21:18:03","guid":{"rendered":"http:\/\/contraluzcucuta.co\/?p=25437"},"modified":"2015-11-27T16:30:19","modified_gmt":"2015-11-27T21:30:19","slug":"notas-al-margen-el-progreso-compartido-libre-y-justo-siempre","status":"publish","type":"post","link":"https:\/\/contraluzcucuta.co\/?p=25437","title":{"rendered":"NOTAS AL MARGEN: El progreso compartido, libre y justo, siempre"},"content":{"rendered":"<p>1.- Pocas veces \u2013 durante los \u00faltimos a\u00f1os \u2013 la proximidad de la Navidad y la llegada de A\u00f1o Nuevo mantienen\u00a0 al mundo en tan\u00a0 complejas, delicadas y dif\u00edciles expectativas, como\u00a0 las que sacuden y hacen vibrar continentes y a las capitales y sitios de mayor inter\u00e9s, poblaci\u00f3n\u00a0 e\u00a0 importancia\u00a0 geoestrat\u00e9gica, en orden a las circunstancias religiosas y factores pol\u00edticos, econ\u00f3micos y sociales como las que ahora\u00a0 preocupan y convulsionan a la humanidad.<\/p>\n<p>El solo hecho de que se mencione en los titulares y medios de mayor divulgaci\u00f3n que estamos en los inicios de una conflagraci\u00f3n y hasta de la Tercera Guerra Mundial, como lo han se\u00f1alado y advertido destacados voceros internacionales y eminencias de diverso orden, como para el caso es el\u00a0 papa Francisco y las medidas de seguridad, prevenci\u00f3n y ataque que han adoptado las naciones m\u00e1s comprometidas del planeta, obligan a serias, juiciosas y profundas reflexiones sin exclusi\u00f3n de ninguna de las tem\u00e1ticas referidas al futuro de los seres humanos.<\/p>\n<p>2.- Leer peri\u00f3dicos y revistas de mayor circulaci\u00f3n o ver titulares y noticias de los registros televisivos, as\u00ed como los comentarios que surgen en todo encuentro familiar, de negocios o de tipicidad acad\u00e9mica, pol\u00edtica, econ\u00f3mica o social, es constatar que atravesamos una de las etapas y momentos de mayor agitaci\u00f3n y compromiso. Y, lo preocupante, es que haya naciones que tienen y busquen afanosamente el armamento nuclear y at\u00f3mico, como soporte o fuente de respuesta ante las cavilaciones, amenazas y ataques que surgen y llenan el panorama mundial, por los hechos que se suceden y desarrollan en\u00a0 varias regiones, interrelacionadas con otras y por ello de potenciales agravatorios inconmensurables. Por eso, creer que no pasa nada y que los acontecimientos son simples consecuencias l\u00f3gicas y positivas de la sociedad humana es no valorar, en su esencia y proyecci\u00f3n, el significado en compromisos del hombre sobre la tierra.<\/p>\n<p>No actuar a tiempo o dejar que avance la avaricia del poder, porque tal o cual\u00a0 hecho o situaci\u00f3n en nada nos corresponden, es obrar sin la valencia que nos otorga el examinar lo que nos corresponde a cada uno en la existencia del planeta.<\/p>\n<p>3.- Observar este panorama, angustiante y perverso, donde lo que se ans\u00eda\u00a0 es el juego del poder y de la fuerza, mas no del bien com\u00fan y de la correspondencia entre unos y otros,\u00a0 para un aprovechamiento en paz y con equidad y progreso compartido es atentar contra todos.<\/p>\n<p>Por esto y porque las fronteras \u2013 como la nuestra &#8211; comienzan a\u00a0 jugar un papel de incuestionable trascendencia, como\u00a0 nudos articulares que son de los procesos de integraci\u00f3n, que alg\u00fan d\u00eda llegar\u00e1n\u00a0 hasta la integraci\u00f3n total\u00a0 y para demostrar\u00a0 que la unidad y la interrelaci\u00f3n nos conduce a la misma meta, es conveniente como fronterizos que somos \u2013 recordarles a los gobiernos vecinos y\u00a0 a los seres humanos &#8211;\u00a0 que el mayor inter\u00e9s debe ser siempre el progreso compartido, libre y justo, siempre. Y, que el desarrollo conjunto, sin presiones ni amenazas, avanza siempre.<\/p>\n<p><strong>JOS\u00c9 NEIRA REY<\/strong><\/p>\n<p><strong><a href=\"mailto:jneirarey@hotmail.com\">jneirarey@hotmail.com<\/a><\/strong><\/p>\n<p><strong>Foto:diario.latercera.com<\/strong><\/p>\n<p>&nbsp;<\/p>\n<p>&nbsp; <\/p>\n","protected":false},"excerpt":{"rendered":"<p>1.- Pocas veces \u2013 durante los \u00faltimos a\u00f1os \u2013 la proximidad de la Navidad y la llegada de A\u00f1o Nuevo mantienen\u00a0 al mundo en tan\u00a0 complejas, delicadas y dif\u00edciles expectativas, como\u00a0 las que sacuden y hacen vibrar continentes y a las capitales y sitios de mayor inter\u00e9s, poblaci\u00f3n\u00a0 e\u00a0 importancia\u00a0 geoestrat\u00e9gica, en orden a las &hellip;<\/p>\n","protected":false},"author":1,"featured_media":25438,"comment_status":"open","ping_status":"open","sticky":false,"template":"","format":"standard","meta":{"footnotes":""},"categories":[14,6],"tags":[382,956],"class_list":["post-25437","post","type-post","status-publish","format-standard","has-post-thumbnail","hentry","category-articulistas","category-ojo-avizor","tag-jose-neira","tag-notas-al-margen"],"_links":{"self":[{"href":"https:\/\/contraluzcucuta.co\/index.php?rest_route=\/wp\/v2\/posts\/25437","targetHints":{"allow":["GET"]}}],"collection":[{"href":"https:\/\/contraluzcucuta.co\/index.php?rest_route=\/wp\/v2\/posts"}],"about":[{"href":"https:\/\/contraluzcucuta.co\/index.php?rest_route=\/wp\/v2\/types\/post"}],"author":[{"embeddable":true,"href":"https:\/\/contraluzcucuta.co\/index.php?rest_route=\/wp\/v2\/users\/1"}],"replies":[{"embeddable":true,"href":"https:\/\/contraluzcucuta.co\/index.php?rest_route=%2Fwp%2Fv2%2Fcomments&post=25437"}],"version-history":[{"count":1,"href":"https:\/\/contraluzcucuta.co\/index.php?rest_route=\/wp\/v2\/posts\/25437\/revisions"}],"predecessor-version":[{"id":25439,"href":"https:\/\/contraluzcucuta.co\/index.php?rest_route=\/wp\/v2\/posts\/25437\/revisions\/25439"}],"wp:featuredmedia":[{"embeddable":true,"href":"https:\/\/contraluzcucuta.co\/index.php?rest_route=\/wp\/v2\/media\/25438"}],"wp:attachment":[{"href":"https:\/\/contraluzcucuta.co\/index.php?rest_route=%2Fwp%2Fv2%2Fmedia&parent=25437"}],"wp:term":[{"taxonomy":"category","embeddable":true,"href":"https:\/\/contraluzcucuta.co\/index.php?rest_route=%2Fwp%2Fv2%2Fcategories&post=25437"},{"taxonomy":"post_tag","embeddable":true,"href":"https:\/\/contraluzcucuta.co\/index.php?rest_route=%2Fwp%2Fv2%2Ftags&post=25437"}],"curies":[{"name":"wp","href":"https:\/\/api.w.org\/{rel}","templated":true}]}}