{"id":25434,"date":"2015-11-22T15:57:55","date_gmt":"2015-11-22T20:57:55","guid":{"rendered":"http:\/\/contraluzcucuta.co\/?p=25434"},"modified":"2015-11-27T16:22:17","modified_gmt":"2015-11-27T21:22:17","slug":"cronica-tiempos-de-bonanza-para-los-rosarienses","status":"publish","type":"post","link":"https:\/\/contraluzcucuta.co\/?p=25434","title":{"rendered":"CR\u00d3NICA. Tiempos de bonanza para los rosarienses"},"content":{"rendered":"<p><strong>VILLA DEL ROSARIO &#8211; Norte de Santander.-<\/strong> Crisis, preocupaci\u00f3n y escasez es lo que se escucha desde el 17 de agosto en Villa del Rosario. \u2018El Antiguo Rosario\u2019, recordado por el auge que tuvo durante las cosechas de uvas en las fincas y haciendas de antiguos habitantes en 1950, hoy no es sin\u00f3nimo de producci\u00f3n econ\u00f3mica.<\/p>\n<p>Un siglo despu\u00e9s, los habitantes del hist\u00f3rico municipio cre\u00edan que hab\u00edan perdido toda fuente de ingresos al enterarse que el gobierno de Venezuela hab\u00eda cerrado la frontera para evitar la entrada y salida de colombianos. Aunque la orden del presidente Nicol\u00e1s Maduro sorprendi\u00f3 a la poblaci\u00f3n, en especial a los comerciantes de v\u00edveres, juguetes y repuestos, entre otras mercanc\u00edas, el panorama no ha resultado tan desalentador como muchos lo pronosticaban.<\/p>\n<p>Hombres y mujeres se quedaron sin trabajo luego del cierre. Los alimentos escasearon y algunos subieron de precio. Lo imprevisto es que las ventas crecieron y\u00a0 las empresas necesitaban mano de obra para suplir la demanda. Los comerciantes son conscientes de que el cambio no ser\u00e1 inmediato. Hasta ahora se est\u00e1n redimiendo de las p\u00e9rdidas que las primeras semanas dej\u00f3 la decisi\u00f3n tomada en Caracas. Creen que de manera progresiva se ver\u00e1n reflejadas las ganancias. Esperan que con la temporada decembrina incrementen las ventas. Ruegan en silencio que no abran la frontera, porque ha sido la excusa perfecta para invertir en su tierra.<\/p>\n<p>Son las 2:30 de la ma\u00f1ana. Suena la alarma del tel\u00e9fono de Yudy Garc\u00eda. Es hora de comenzar la jornada laboral. Vive en el barrio Antonia Santos, a 30 minutos de camino del parque\u00a0 principal Los Libertadores. El trabajo inicia en casa cuando prende la estufa para poner a hervir agua en tres ollas. En otra, hierbe la leche. Prepara cuatro termos de tinto, dos de caf\u00e9 con leche, dos de chocolate y uno de arom\u00e1tica. Son la materia prima de la fuente de ingresos.<\/p>\n<p>A las 5:00 de la ma\u00f1ana, sale de casa por el \u00fanico camino que le permite pasar el carrito. Hace tres meses est\u00e1 cerrada la carretera principal de Antonia Santos por la construcci\u00f3n del acueducto. \u201cAl paso que van, este a\u00f1o no van a terminar\u201d.<\/p>\n<p>Comienza a esconderse la luna y Yudy llega al lugar de trabajo. Empleados de carnicer\u00edas y supermercados son los clientes fieles. Sin importarles la crisis o la abundancia no pueden pasar un d\u00eda sin consumir tres a cuatro tintos para despertarse y comenzar la jornada en\u00e9rgicos. Piden que vuelva a las 10:00 de la ma\u00f1ana\u00a0 para pagarle, mientras venden y tienen dinero.<\/p>\n<p>Yudy escucha todo tipo de comentarios de las consecuencias que trajo el cierre de frontera. Est\u00e1 segura de que no le afecta para nada, porque tengan o no dinero siempre vender\u00e1 sus productos. Adem\u00e1s, las consecuencias han sido favorables, porque ha visto m\u00e1s movimiento en las carnicer\u00edas y los supermercados.<\/p>\n<p>Tiene una hija de 19 a\u00f1os, estudia psicolog\u00eda en la Universidad de Pamplona\u00a0 y con $ 30.000\u00a0 que le deja el trabajo como ganancia diaria ha logrado mantenerla y cumplirle el sue\u00f1o de estudiar. Se siente c\u00f3moda con su vida, no tiene jefe para rendirle cuentas ni cumple horarios. Espera continuar en esta labor en su tierra natal con la seguridad que ha llegado el mejor tiempo para los rosarienses.<\/p>\n<p><strong>ROMAIRE ROJAS<\/strong><\/p>\n<p><strong>Estudiante de Comunicaci\u00f3n Social<\/strong><\/p>\n<p><strong>Universidad de Pamplona<\/strong><\/p>\n<p><strong>Campus de Villa del Rosario<\/strong><\/p>\n<p>Foto: Especial para www.contraluzcucuta.co<\/p>\n<p>&nbsp;<\/p>\n<p>&nbsp; <\/p>\n","protected":false},"excerpt":{"rendered":"<p>VILLA DEL ROSARIO &#8211; Norte de Santander.- Crisis, preocupaci\u00f3n y escasez es lo que se escucha desde el 17 de agosto en Villa del Rosario. \u2018El Antiguo Rosario\u2019, recordado por el auge que tuvo durante las cosechas de uvas en las fincas y haciendas de antiguos habitantes en 1950, hoy no es sin\u00f3nimo de producci\u00f3n &hellip;<\/p>\n","protected":false},"author":1,"featured_media":25435,"comment_status":"open","ping_status":"open","sticky":false,"template":"","format":"standard","meta":{"footnotes":""},"categories":[7,10,32],"tags":[2483,204],"class_list":["post-25434","post","type-post","status-publish","format-standard","has-post-thumbnail","hentry","category-acontecimientos","category-cronicas","category-recorrido-por-la-region","tag-crisis-en-la-frontera","tag-villa-del-rosario"],"_links":{"self":[{"href":"https:\/\/contraluzcucuta.co\/index.php?rest_route=\/wp\/v2\/posts\/25434","targetHints":{"allow":["GET"]}}],"collection":[{"href":"https:\/\/contraluzcucuta.co\/index.php?rest_route=\/wp\/v2\/posts"}],"about":[{"href":"https:\/\/contraluzcucuta.co\/index.php?rest_route=\/wp\/v2\/types\/post"}],"author":[{"embeddable":true,"href":"https:\/\/contraluzcucuta.co\/index.php?rest_route=\/wp\/v2\/users\/1"}],"replies":[{"embeddable":true,"href":"https:\/\/contraluzcucuta.co\/index.php?rest_route=%2Fwp%2Fv2%2Fcomments&post=25434"}],"version-history":[{"count":1,"href":"https:\/\/contraluzcucuta.co\/index.php?rest_route=\/wp\/v2\/posts\/25434\/revisions"}],"predecessor-version":[{"id":25436,"href":"https:\/\/contraluzcucuta.co\/index.php?rest_route=\/wp\/v2\/posts\/25434\/revisions\/25436"}],"wp:featuredmedia":[{"embeddable":true,"href":"https:\/\/contraluzcucuta.co\/index.php?rest_route=\/wp\/v2\/media\/25435"}],"wp:attachment":[{"href":"https:\/\/contraluzcucuta.co\/index.php?rest_route=%2Fwp%2Fv2%2Fmedia&parent=25434"}],"wp:term":[{"taxonomy":"category","embeddable":true,"href":"https:\/\/contraluzcucuta.co\/index.php?rest_route=%2Fwp%2Fv2%2Fcategories&post=25434"},{"taxonomy":"post_tag","embeddable":true,"href":"https:\/\/contraluzcucuta.co\/index.php?rest_route=%2Fwp%2Fv2%2Ftags&post=25434"}],"curies":[{"name":"wp","href":"https:\/\/api.w.org\/{rel}","templated":true}]}}