{"id":25427,"date":"2015-11-16T15:24:06","date_gmt":"2015-11-16T20:24:06","guid":{"rendered":"http:\/\/contraluzcucuta.co\/?p=25427"},"modified":"2015-11-22T18:15:06","modified_gmt":"2015-11-22T23:15:06","slug":"informe-las-fuentes-no-tienen-agua-en-cucuta","status":"publish","type":"post","link":"https:\/\/contraluzcucuta.co\/?p=25427","title":{"rendered":"INFORME. Las fuentes no tienen agua en C\u00facuta"},"content":{"rendered":"<p><strong>C\u00daCUTA.-<\/strong> El reloj marca las 12:00 del d\u00eda en la fuente luminosa de la Diagonal Santander y la \u00fanica Avenida Cero del mundo. El sol brilla con todo su esplendor. Como si se tratara de un puerto terrestre, busetas y veh\u00edculos particulares estacionan en las bah\u00edas. Los estudiantes usuarios del trasporte urbano corren para ganar un asiento y no hacer el recorrido hasta Villa del Rosario de pie.<\/p>\n<p>El lugar es propicio para la presencia de vendedores ambulantes. Un hombre ofrece lapiceros a $ 2000, que a los pasajeros no empobrecen ni al comerciante informal enriquecen. Al mejor estilo de un guardia fronterizo, el \u2018ingeniero\u2019 encargado de la venta de bebidas energizantes, jugos de naranja y agua en bolsa ofrece los productos a grito entero.<\/p>\n<p>Dos horas despu\u00e9s, un sujeto de estatura alta, cabello negro, morral marr\u00f3n y franela estampada con el rostro del cantautor Gustavo Cerati se detiene frente a la estructura redonda, dividida en secciones de concreto con detalles sim\u00e9tricos en los bordes y desnivel en el suelo. Voltea la mirada y le hace se\u00f1as a un transe\u00fante, pregunta por \u2018la fuente luminosa\u2019.<\/p>\n<ul>\n<li>La tiene al lado \u2013 respondi\u00f3 el hombre.<\/li>\n<li>\u00bfD\u00f3nde est\u00e1n la fuente, el agua, la luz? \u2013 insisti\u00f3 el sujeto, sorprendido por no ver nada.<\/li>\n<li>Eso hace rato no sirve, pero a\u00fan le dicen as\u00ed a este lugar \u2013 ripost\u00f3 el peat\u00f3n.<\/li>\n<\/ul>\n<p>Al frente, est\u00e1n los chorros del Hotel Arizona. Esos s\u00ed funcionan y dan un aspecto refrescante al lugar.<\/p>\n<p>\u2018La fuente luminosa\u2019 o Parque Fuente de Los Leones fue inaugurada, en 1975, con motivo de la XXIII Convenci\u00f3n Nacional Leon\u00edstica. La construcci\u00f3n estuvo a cargo del arquitecto paisajista Alfonso Leiva y del ingeniero forestal Guillermo Vega P\u00e9rez, quien hizo el primer trasplante de un Sam\u00e1n que a\u00fan se conserva.<\/p>\n<p>Hace una d\u00e9cada no brota una gota de agua, las babillas y las tortugas, que en su momento eran la sensaci\u00f3n del lugar, las trasladaron a un refugio para animales. La motobomba est\u00e1 averiada y desde cuando Centrales El\u00e9ctricas \u00a0pertenece a la empresa privada no cuenta con iluminaci\u00f3n gratuita. Corpocero se encarga de las funciones b\u00e1sicas de mantenimiento.<\/p>\n<p>Es hora de la media tarde y tres sujetos con overoles bajan de una camioneta gris. En la parte trasera del veh\u00edculo llevan canecas met\u00e1licas. El tercer hombre en tocar suelo, se dirige a la fuente, hace una inspecci\u00f3n y detecta a un habitante de la calle dormido. Llama a la polic\u00eda y los agentes se encargan del caso.<\/p>\n<p>German Ortiz record\u00f3 los 4 a\u00f1os trabajados como operario de Corpocero. En ese lapso no vio salir agua de la fuente. \u201cNos encargamos de barrer, pintar y del mantenimiento\u201d.<\/p>\n<p>La misma suerte la han tenido otros lugares de la ciudad. Los chorros del parque Los Fundadores y las fuentes de los parques Santander, Nacional, Mercedes \u00c1brego y Sim\u00f3n Bol\u00edvar est\u00e1n apagados. Las autoridades municipales prometen mejoras, que las dilata el tiempo. El taxista Julio C\u00e9sar es directo en la cr\u00edtica y asegur\u00f3 que en C\u00facuta \u201cnos acostumbramos a vivir con lo malo\u201d.<\/p>\n<p>Como consolaci\u00f3n, los centros comerciales de la ciudad mantienen encendidas las fuentes. Ventura Plaza con la fuente de la Paz y Unicentro los chorros de agua en la parte externa de la plazoleta de comidas.<\/p>\n<p>Son las 6:00 de la tarde. El sol se despide de \u2018La Perla del Norte\u2019. En el parque \u2018C\u00facuta 300 a\u00f1os\u2019 los dispositivos comienzan a andar. Marina llega con dos ni\u00f1os reci\u00e9n salidos de la escuela. \u201cFue un buen regalo a la ciudad\u201d, dijo, y record\u00f3 que la obra enterr\u00f3 el viejo hueco de Bavaria.<\/p>\n<p>Ni\u00f1os, j\u00f3venes y adultos se divierten con las modalidades de chorros que hacen armon\u00eda al comp\u00e1s de luces de colores. Parejas se citan para darse afecto. Hoy, las fuentes funcionan de 6:00 de la tarde a 9:00 de la noche.\u00a0 Los cucute\u00f1os aguardan que este espacio no siga la l\u00ednea de los dem\u00e1s lugares que en otras \u00e9pocas eran manantiales de agua y ahora solo forman parte de un triste recuerdo.<\/p>\n<p><strong>ANDR\u00c9S CARVAJAL<\/strong><\/p>\n<p><strong>Estudiante de Comunicaci\u00f3n Social<\/strong><\/p>\n<p><strong>Universidad de Pamplona<\/strong><\/p>\n<p><strong>Campus de Villa del Rosario<\/strong><\/p>\n<p><strong>Foto: Especial para <a href=\"http:\/\/www.contraluzcucuta.co\">www.contraluzcucuta.co<\/a><\/strong><\/p>\n<p><strong>\u00a0<\/strong> <\/p>\n","protected":false},"excerpt":{"rendered":"<p>C\u00daCUTA.- El reloj marca las 12:00 del d\u00eda en la fuente luminosa de la Diagonal Santander y la \u00fanica Avenida Cero del mundo. El sol brilla con todo su esplendor. Como si se tratara de un puerto terrestre, busetas y veh\u00edculos particulares estacionan en las bah\u00edas. Los estudiantes usuarios del trasporte urbano corren para ganar &hellip;<\/p>\n","protected":false},"author":1,"featured_media":25428,"comment_status":"open","ping_status":"open","sticky":false,"template":"","format":"standard","meta":{"footnotes":""},"categories":[74,541,10,6],"tags":[2597,2566,719,161],"class_list":["post-25427","post","type-post","status-publish","format-standard","has-post-thumbnail","hentry","category-aula-universitaria","category-ciudad","category-cronicas","category-ojo-avizor","tag-aula-universitaria","tag-fuentes-en-cucuta","tag-unipamplona","tag-universidad-de-pamplona"],"_links":{"self":[{"href":"https:\/\/contraluzcucuta.co\/index.php?rest_route=\/wp\/v2\/posts\/25427","targetHints":{"allow":["GET"]}}],"collection":[{"href":"https:\/\/contraluzcucuta.co\/index.php?rest_route=\/wp\/v2\/posts"}],"about":[{"href":"https:\/\/contraluzcucuta.co\/index.php?rest_route=\/wp\/v2\/types\/post"}],"author":[{"embeddable":true,"href":"https:\/\/contraluzcucuta.co\/index.php?rest_route=\/wp\/v2\/users\/1"}],"replies":[{"embeddable":true,"href":"https:\/\/contraluzcucuta.co\/index.php?rest_route=%2Fwp%2Fv2%2Fcomments&post=25427"}],"version-history":[{"count":1,"href":"https:\/\/contraluzcucuta.co\/index.php?rest_route=\/wp\/v2\/posts\/25427\/revisions"}],"predecessor-version":[{"id":25429,"href":"https:\/\/contraluzcucuta.co\/index.php?rest_route=\/wp\/v2\/posts\/25427\/revisions\/25429"}],"wp:featuredmedia":[{"embeddable":true,"href":"https:\/\/contraluzcucuta.co\/index.php?rest_route=\/wp\/v2\/media\/25428"}],"wp:attachment":[{"href":"https:\/\/contraluzcucuta.co\/index.php?rest_route=%2Fwp%2Fv2%2Fmedia&parent=25427"}],"wp:term":[{"taxonomy":"category","embeddable":true,"href":"https:\/\/contraluzcucuta.co\/index.php?rest_route=%2Fwp%2Fv2%2Fcategories&post=25427"},{"taxonomy":"post_tag","embeddable":true,"href":"https:\/\/contraluzcucuta.co\/index.php?rest_route=%2Fwp%2Fv2%2Ftags&post=25427"}],"curies":[{"name":"wp","href":"https:\/\/api.w.org\/{rel}","templated":true}]}}