{"id":25420,"date":"2015-11-16T12:19:17","date_gmt":"2015-11-16T17:19:17","guid":{"rendered":"http:\/\/contraluzcucuta.co\/?p=25420"},"modified":"2015-11-16T12:19:17","modified_gmt":"2015-11-16T17:19:17","slug":"analisis-la-noche-de-terror-en-paris","status":"publish","type":"post","link":"https:\/\/contraluzcucuta.co\/?p=25420","title":{"rendered":"AN\u00c1LISIS. La noche de terror en Par\u00eds"},"content":{"rendered":"<p>Noche del 13 de noviembre, escogido por los terroristas para sembrar el horror en Par\u00eds. Apolog\u00eda del terror cinematogr\u00e1fico para trasladarlo a la vida real de una ciudad iluminada por la alegr\u00eda de un fin de semana propicio para el descanso y la distracci\u00f3n.<\/p>\n<p>El temor y la angustia se adue\u00f1aron de esta fascinante ciudad, duramente golpeada en este 2015 por ataques de radicalistas musulmanes. El 7 de enero, la revista Charlie Hebdo fue blanco del atentado en el que murieron varios periodistas, continu\u00f3 la decapitaci\u00f3n de un ciudadano \u00a0y ahora la m\u00e1s contundente y sangrienta arremetida que deja m\u00e1s de 125 v\u00edctimas.<\/p>\n<p>El Estado Isl\u00e1mico (EI) es el verdugo musulm\u00e1n que con radicalismo ha iniciado una guerra contra Francia, pa\u00eds que con sus acciones b\u00e9licas en Irak ha sometido a los habitantes a este ambiente de incertidumbre, de aflicci\u00f3n, de dolor y de tristeza.<\/p>\n<p>Esa noche en Par\u00eds demuestra, una vez m\u00e1s, hasta d\u00f3nde llegan el fanatismo y el ansia de poder. La condici\u00f3n humana plena de emociones y de sentimientos hacia determinadas causas, ll\u00e1mense religi\u00f3n, ciencia, deporte, o pol\u00edtica, llega a convertirse en delirio. Lo acaecido muestra parte de esta locura.<\/p>\n<p>Los jidahistas, rama violenta y radical dentro del Islam, desean\u00a0 el poder en una amplia regi\u00f3n de Arabia y \u00c1frica para restaurar la grandeza con una estricta ortodoxia e imponer su religi\u00f3n en el mundo. Es as\u00ed como su objetivo es la creaci\u00f3n de un fuerte califato que predomine en estos territorios y para conseguirlo la fuerza y el terrorismo son sus armas principales.<\/p>\n<p>El Occidente, en pos de la libertad, la civilizaci\u00f3n y la democracia, ha sido art\u00edfice de ofensivas militares para destruir estos grupos. Francia\u00a0 es el primer pa\u00eds europeo que tom\u00f3 la decisi\u00f3n de atacarlos. Y aqu\u00ed est\u00e1n las consecuencias.<\/p>\n<p>Situaci\u00f3n compleja, cuando est\u00e1 de por medio la vida de cientos de civiles ajenos a todas\u00a0 las actividades de la pol\u00edtica.<\/p>\n<p><strong>ISBELIA GAMBOA FAJARDO.<\/strong><\/p>\n<p><a href=\"mailto:isbeliagamboa@hotmail.com\">isbeliagamboa@hotmail.com<\/a><\/p>\n<p><strong>Foto: lapatilla.com<\/strong><\/p>\n<p><strong>\u00a0<\/strong> <\/p>\n","protected":false},"excerpt":{"rendered":"<p>Noche del 13 de noviembre, escogido por los terroristas para sembrar el horror en Par\u00eds. Apolog\u00eda del terror cinematogr\u00e1fico para trasladarlo a la vida real de una ciudad iluminada por la alegr\u00eda de un fin de semana propicio para el descanso y la distracci\u00f3n. El temor y la angustia se adue\u00f1aron de esta fascinante ciudad, &hellip;<\/p>\n","protected":false},"author":1,"featured_media":25421,"comment_status":"open","ping_status":"open","sticky":false,"template":"","format":"standard","meta":{"footnotes":""},"categories":[14,4],"tags":[2562,2563],"class_list":["post-25420","post","type-post","status-publish","format-standard","has-post-thumbnail","hentry","category-articulistas","category-barra","tag-noche-de-terror-en-paris","tag-paris-terrorismo"],"_links":{"self":[{"href":"https:\/\/contraluzcucuta.co\/index.php?rest_route=\/wp\/v2\/posts\/25420","targetHints":{"allow":["GET"]}}],"collection":[{"href":"https:\/\/contraluzcucuta.co\/index.php?rest_route=\/wp\/v2\/posts"}],"about":[{"href":"https:\/\/contraluzcucuta.co\/index.php?rest_route=\/wp\/v2\/types\/post"}],"author":[{"embeddable":true,"href":"https:\/\/contraluzcucuta.co\/index.php?rest_route=\/wp\/v2\/users\/1"}],"replies":[{"embeddable":true,"href":"https:\/\/contraluzcucuta.co\/index.php?rest_route=%2Fwp%2Fv2%2Fcomments&post=25420"}],"version-history":[{"count":1,"href":"https:\/\/contraluzcucuta.co\/index.php?rest_route=\/wp\/v2\/posts\/25420\/revisions"}],"predecessor-version":[{"id":25422,"href":"https:\/\/contraluzcucuta.co\/index.php?rest_route=\/wp\/v2\/posts\/25420\/revisions\/25422"}],"wp:featuredmedia":[{"embeddable":true,"href":"https:\/\/contraluzcucuta.co\/index.php?rest_route=\/wp\/v2\/media\/25421"}],"wp:attachment":[{"href":"https:\/\/contraluzcucuta.co\/index.php?rest_route=%2Fwp%2Fv2%2Fmedia&parent=25420"}],"wp:term":[{"taxonomy":"category","embeddable":true,"href":"https:\/\/contraluzcucuta.co\/index.php?rest_route=%2Fwp%2Fv2%2Fcategories&post=25420"},{"taxonomy":"post_tag","embeddable":true,"href":"https:\/\/contraluzcucuta.co\/index.php?rest_route=%2Fwp%2Fv2%2Ftags&post=25420"}],"curies":[{"name":"wp","href":"https:\/\/api.w.org\/{rel}","templated":true}]}}