{"id":25417,"date":"2015-11-16T11:56:14","date_gmt":"2015-11-16T16:56:14","guid":{"rendered":"http:\/\/contraluzcucuta.co\/?p=25417"},"modified":"2015-11-22T16:22:01","modified_gmt":"2015-11-22T21:22:01","slug":"perfil-juan-de-dios-sequeda-una-victima-de-la-polvora","status":"publish","type":"post","link":"https:\/\/contraluzcucuta.co\/?p=25417","title":{"rendered":"PERFIL. Juan de Dios Sequeda. Una v\u00edctima de la p\u00f3lvora"},"content":{"rendered":"<p>En 1956, mientras trabajaba en el arte que los padres le ense\u00f1aron sufri\u00f3 un accidente. Eran polvoreros. Un d\u00eda, explot\u00f3 la f\u00e1brica y Juan de Dios Sequeda se quem\u00f3 buena parte del cuerpo. \u201cLa\u00a0\u00a0 explosi\u00f3n me amput\u00f3 la mano derecha y\u00a0 parte de la mano izquierda; me quem\u00f3 los ojos y el o\u00eddo derecho\u201d.<\/p>\n<p>Juan est\u00e1 sentado sabore\u00e1ndose un caf\u00e9 reci\u00e9n preparado. A aquel joven apuesto y emprendedor le bajaban las l\u00e1grimas por el rostro al escuchar decir que no volver\u00eda a ver. \u201cMi novia me dijo, \u2018si eres capaz de salir adelante me caso contigo\u2019. Eso me fortaleci\u00f3\u201d. El deseo de superaci\u00f3n lo llev\u00f3 a encontrar el sostenimiento econ\u00f3mico que necesitaba para formar un hogar.<\/p>\n<p>Mientras recorr\u00eda el centro de la ciudad, dio con un grupo de teatro que ensayaba una obra, en\u00a0 la calle 9 con avenida\u00a0 7. Los actores le preguntaron por qu\u00e9 no estudiaba. Pens\u00f3 la respuesta y dijo que en C\u00facuta no hay oportunidades. Los nuevos amigos lo animaron a buscar la posibilidad de prepararse.<\/p>\n<p>Le pusieron como tarea, bajo la gravedad del juramento, construir una escuela para ciegos con todas las herramientas necesarias. Juan y sus compa\u00f1eros Pedro y Humberto se reunieron para hablar sobre la conformaci\u00f3n de una asociaci\u00f3n. Organizaron la junta directiva, presidida por Juan. Sucedi\u00f3 el 11 de junio de 1969.<\/p>\n<p>La iniciativa les permiti\u00f3 a los invidentes cucute\u00f1os tener\u00a0 una oportunidad para trabajar. A pesar de que su formaci\u00f3n acad\u00e9mica no pasaba de segundo primaria, no hubo impedimentos para dise\u00f1ar planes empresariales autosostenibles. La capacidad de gesti\u00f3n qued\u00f3 demostrada al obtener un lote en el barrio Ciudad Jard\u00edn, para edificar la sede de\u00a0 la asociaci\u00f3n.<\/p>\n<p>Juan de Dios don\u00f3 la mitad del\u00a0\u00a0 terreno para la construcci\u00f3n del\u00a0 Inci y permitir el desarrollo de la escuela taller. \u201cPor\u00a0 alguna\u00a0 raz\u00f3n que desconozco la parte nuestra del lote se perdi\u00f3\u201d.<\/p>\n<p>Al concluir 20 a\u00f1os al frente de la asociaci\u00f3n decidi\u00f3\u00a0 retirarse para continuar con otros proyectos. Sequeda fue uno de los promotores de la venta anual del bono para sostenimiento de la organizaci\u00f3n. Siempre ha sido defensor de la discapacidad visual. Eso nadie se lo puede negar.<\/p>\n<p>La esposa de Juan se siente orgullosa, porque ha alcanzado las metas propuestas. Fue un ni\u00f1o de familia humilde, del barrio Callej\u00f3n. Vivi\u00f3 en la calle 10 con los padres, polvoreros artesanos.<\/p>\n<p><strong>CAROLINA ROZO<\/strong><\/p>\n<p><strong>Estudiante de Comunicaci\u00f3n Social<\/strong><\/p>\n<p><strong>Universidad de Pamplona<\/strong><\/p>\n<p><strong>Campus de Villa del Rosario<\/strong> <\/p>\n","protected":false},"excerpt":{"rendered":"<p>En 1956, mientras trabajaba en el arte que los padres le ense\u00f1aron sufri\u00f3 un accidente. Eran polvoreros. Un d\u00eda, explot\u00f3 la f\u00e1brica y Juan de Dios Sequeda se quem\u00f3 buena parte del cuerpo. \u201cLa\u00a0\u00a0 explosi\u00f3n me amput\u00f3 la mano derecha y\u00a0 parte de la mano izquierda; me quem\u00f3 los ojos y el o\u00eddo derecho\u201d. Juan &hellip;<\/p>\n","protected":false},"author":1,"featured_media":25418,"comment_status":"open","ping_status":"open","sticky":false,"template":"","format":"standard","meta":{"footnotes":""},"categories":[74,36],"tags":[2597,2560,719,161,2561],"class_list":["post-25417","post","type-post","status-publish","format-standard","has-post-thumbnail","hentry","category-aula-universitaria","category-la-voz-del-pueblo","tag-aula-universitaria","tag-juan-de-dios-sequeda","tag-unipamplona","tag-universidad-de-pamplona","tag-victimas-de-la-polvora"],"_links":{"self":[{"href":"https:\/\/contraluzcucuta.co\/index.php?rest_route=\/wp\/v2\/posts\/25417","targetHints":{"allow":["GET"]}}],"collection":[{"href":"https:\/\/contraluzcucuta.co\/index.php?rest_route=\/wp\/v2\/posts"}],"about":[{"href":"https:\/\/contraluzcucuta.co\/index.php?rest_route=\/wp\/v2\/types\/post"}],"author":[{"embeddable":true,"href":"https:\/\/contraluzcucuta.co\/index.php?rest_route=\/wp\/v2\/users\/1"}],"replies":[{"embeddable":true,"href":"https:\/\/contraluzcucuta.co\/index.php?rest_route=%2Fwp%2Fv2%2Fcomments&post=25417"}],"version-history":[{"count":1,"href":"https:\/\/contraluzcucuta.co\/index.php?rest_route=\/wp\/v2\/posts\/25417\/revisions"}],"predecessor-version":[{"id":25419,"href":"https:\/\/contraluzcucuta.co\/index.php?rest_route=\/wp\/v2\/posts\/25417\/revisions\/25419"}],"wp:featuredmedia":[{"embeddable":true,"href":"https:\/\/contraluzcucuta.co\/index.php?rest_route=\/wp\/v2\/media\/25418"}],"wp:attachment":[{"href":"https:\/\/contraluzcucuta.co\/index.php?rest_route=%2Fwp%2Fv2%2Fmedia&parent=25417"}],"wp:term":[{"taxonomy":"category","embeddable":true,"href":"https:\/\/contraluzcucuta.co\/index.php?rest_route=%2Fwp%2Fv2%2Fcategories&post=25417"},{"taxonomy":"post_tag","embeddable":true,"href":"https:\/\/contraluzcucuta.co\/index.php?rest_route=%2Fwp%2Fv2%2Ftags&post=25417"}],"curies":[{"name":"wp","href":"https:\/\/api.w.org\/{rel}","templated":true}]}}