{"id":25404,"date":"2015-11-14T16:32:52","date_gmt":"2015-11-14T21:32:52","guid":{"rendered":"http:\/\/contraluzcucuta.co\/?p=25404"},"modified":"2015-11-16T12:29:17","modified_gmt":"2015-11-16T17:29:17","slug":"mensaje-del-obispo-aborto-no-la-vida-humana-es-sagrada","status":"publish","type":"post","link":"https:\/\/contraluzcucuta.co\/?p=25404","title":{"rendered":"MENSAJE DEL OBISPO. Aborto \u00a1no! La vida humana es sagrada"},"content":{"rendered":"<p>&nbsp;<\/p>\n<p><strong>C\u00daCUTA.-<\/strong> Una vez m\u00e1s, recibimos la noticia que se quiere despenalizar totalmente el aborto en Colombia. Es un giro de palabras que quiere indicar el establecimiento del aborto libre, propiciando con este proyecto una apertura a esta acci\u00f3n que destruye la vida humana. El se\u00f1or Fiscal General de la Naci\u00f3n, por las noticias recibidas, radicar\u00e1 un proyecto de Ley.<\/p>\n<p>La Iglesia tiene que salir, con fuerza y vigor, a defender la vida, a defender a los inocentes a quienes quieren destruir -asesinar- es el t\u00e9rmino preciso. No es una batalla nueva para la Iglesia de Cristo, ella, siempre, desde los escritos de los primeros cristianos, ha salvaguardado la vida humana. A los cristianos se les invitaba a defender, en todo momento, a quien no hab\u00eda nacido. Esta ha sido siempre una constante y una clara ense\u00f1anza de la Iglesia.<\/p>\n<p>\u201cNo matar\u00e1s al ni\u00f1o en el seno de su Madre\u201d, ense\u00f1aba uno de los primeros escritos cristianos, La Didaje, reflexiones que pretend\u00edan dar los elementos de comportamiento a los primeros cristianos de frente a la forma com\u00fan de razonar en el imperio romano (Didaje. 2, 1-2).<\/p>\n<p>Pero, sobre todo, esta posici\u00f3n tiene profundos fundamentos b\u00edblicos: el primero en el designio amoroso de Dios, en sus mandamientos. Dios ha indicado al hombre su voluntad: \u201cNo matar\u00e1s\u201d (\u00c9xodo 20, 13). El hombre es una criatura, obra de la mano de Dios. El hombre recibi\u00f3 de Dios la capacidad para reproducirse. Esa vida participa de una dignidad particular, al provenir de Dios, saliendo de las manos del Creador.<\/p>\n<p>La Iglesia considera el aborto como un crimen abominable (Concilio Vaticano II, Gaudium et Spes, n. 51, 3). No podemos con razonamientos y silogismos que defienden la modernidad y la civilidad destruir la vida humana. Estamos destruyendo al hombre mismo, estamos quitando la esperanza de nuestras vidas. Un ni\u00f1o que nace es esperanza, alegr\u00eda, seguridad del futuro.<\/p>\n<p>La posici\u00f3n de la Iglesia es precisa, expresa un claro no al aborto. Una posici\u00f3n firme que quiere defender el plan de Dios y la voluntad del Creador sobre la criatura que tiene un derecho preciso a la vida. La vida humana tiene su principio en la concepci\u00f3n que se da desde la uni\u00f3n del esperma y el \u00f3vulo hasta el t\u00e9rmino natural de esta vida que llega con la muerte.<\/p>\n<p>Propuestas, como las del Fiscal, quieren destruir uno de los m\u00e1s grandes fundamentos de la condici\u00f3n humana del hombre. Desean matar a unos ni\u00f1os que est\u00e1n en estado de indefensi\u00f3n. Los cat\u00f3licos tenemos que defender una posici\u00f3n clara, neta, precisa, en torno a estas propuestas que pretenden destruir la vida humana con un crimen abominable. Es un no claro a la propuesta del aborto. Quienes nos representan en el espacio legislativo tienen que respetar la voluntad del pueblo colombiano, con un no al aborto y a esta propuesta concreta de Ley.<\/p>\n<p>Cada vez m\u00e1s, somos sensibles a la defensa de los derechos humanos en nuestra sociedad, quienes presentan esta iniciativa han sido propulsores y defensores de los derechos humanos en nuestra Colombia.<\/p>\n<p>No podemos olvidar que el aborto destruye e irrespeta uno de los principios fundamentales de los derechos humanos: el derecho a la vida.<\/p>\n<p>Se deben comprender las situaciones, el dolor, la pobreza, las implicaciones sociales de cuanto vive una mujer en ciertas situaciones, pero ello no permite o autoriza el aborto. Como Iglesia, en la Di\u00f3cesis de C\u00facuta abrimos espacios a la vida, a los ni\u00f1os, a las madres gestantes.<\/p>\n<p>Se presentan muchos razonamientos, con los cuales se pretende defender y hacer aceptar esta decisi\u00f3n en nuestra sociedad. Razonamientos que pretenden explicar y manifestar la ejecuci\u00f3n de un asesinato de una criatura indefensa. Nuestra sociedad necesita consolidar principios de respeto y amparo de la vida humana, este es el momento de defender y luchar por la vida humana que se va a destruir con esta decisi\u00f3n. La Constituci\u00f3n colombiana defiende la vida, \u201cEl derecho a la vida es inviolable\u2026\u201d (Art\u00edculo 11). En los \u00faltimos tiempos vemos c\u00f3mo en la interpretaci\u00f3n de nuestra Constituci\u00f3n se han efectuado lecturas que son equivocadas y que no respetan el sentido del texto que ha sido aprobado y votado por los colombianos.<\/p>\n<p>Se\u00f1or Fiscal, respetuosamente, creemos que se est\u00e1 equivocando, est\u00e1 yendo contra la voluntad de la mayor\u00eda de los colombianos, la vida humana es sagrada. Todos a defender la vida humana. \u00a1No al aborto!<\/p>\n<p><strong>MONSE\u00d1OR V\u00cdCTOR MANUEL OHCOA<\/strong><\/p>\n<p><strong>Obispo de C\u00facuta<\/strong><\/p>\n<p><strong>Foto: PRENSA DE LA DI\u00d3CESIS<\/strong><\/p>\n<p>&nbsp; <\/p>\n","protected":false},"excerpt":{"rendered":"<p>&nbsp; C\u00daCUTA.- Una vez m\u00e1s, recibimos la noticia que se quiere despenalizar totalmente el aborto en Colombia. Es un giro de palabras que quiere indicar el establecimiento del aborto libre, propiciando con este proyecto una apertura a esta acci\u00f3n que destruye la vida humana. El se\u00f1or Fiscal General de la Naci\u00f3n, por las noticias recibidas, &hellip;<\/p>\n","protected":false},"author":1,"featured_media":25405,"comment_status":"open","ping_status":"open","sticky":false,"template":"","format":"standard","meta":{"footnotes":""},"categories":[541,6],"tags":[2490,173],"class_list":["post-25404","post","type-post","status-publish","format-standard","has-post-thumbnail","hentry","category-ciudad","category-ojo-avizor","tag-monsenor-victor-manuel-ochoa","tag-obispo-de-cucuta"],"_links":{"self":[{"href":"https:\/\/contraluzcucuta.co\/index.php?rest_route=\/wp\/v2\/posts\/25404","targetHints":{"allow":["GET"]}}],"collection":[{"href":"https:\/\/contraluzcucuta.co\/index.php?rest_route=\/wp\/v2\/posts"}],"about":[{"href":"https:\/\/contraluzcucuta.co\/index.php?rest_route=\/wp\/v2\/types\/post"}],"author":[{"embeddable":true,"href":"https:\/\/contraluzcucuta.co\/index.php?rest_route=\/wp\/v2\/users\/1"}],"replies":[{"embeddable":true,"href":"https:\/\/contraluzcucuta.co\/index.php?rest_route=%2Fwp%2Fv2%2Fcomments&post=25404"}],"version-history":[{"count":1,"href":"https:\/\/contraluzcucuta.co\/index.php?rest_route=\/wp\/v2\/posts\/25404\/revisions"}],"predecessor-version":[{"id":25406,"href":"https:\/\/contraluzcucuta.co\/index.php?rest_route=\/wp\/v2\/posts\/25404\/revisions\/25406"}],"wp:featuredmedia":[{"embeddable":true,"href":"https:\/\/contraluzcucuta.co\/index.php?rest_route=\/wp\/v2\/media\/25405"}],"wp:attachment":[{"href":"https:\/\/contraluzcucuta.co\/index.php?rest_route=%2Fwp%2Fv2%2Fmedia&parent=25404"}],"wp:term":[{"taxonomy":"category","embeddable":true,"href":"https:\/\/contraluzcucuta.co\/index.php?rest_route=%2Fwp%2Fv2%2Fcategories&post=25404"},{"taxonomy":"post_tag","embeddable":true,"href":"https:\/\/contraluzcucuta.co\/index.php?rest_route=%2Fwp%2Fv2%2Ftags&post=25404"}],"curies":[{"name":"wp","href":"https:\/\/api.w.org\/{rel}","templated":true}]}}