{"id":25370,"date":"2015-11-08T18:21:32","date_gmt":"2015-11-08T23:21:32","guid":{"rendered":"http:\/\/contraluzcucuta.co\/?p=25370"},"modified":"2015-11-11T21:58:20","modified_gmt":"2015-11-12T02:58:20","slug":"policia-nacional-124-anos-de-trabajo-por-la-seguridad-de-los-colombianos","status":"publish","type":"post","link":"https:\/\/contraluzcucuta.co\/?p=25370","title":{"rendered":"POLIC\u00cdA NACIONAL. 124 a\u00f1os de trabajo por la seguridad de los colombianos"},"content":{"rendered":"<p><strong>C\u00daCUTA.-<\/strong> La Polic\u00eda de Colombia cumpli\u00f3 124 a\u00f1os de trabajo en defensa de la seguridad de campos y ciudades. En C\u00facuta, para la celebraci\u00f3n del aniversario, se organizaron diversas actividades con participaci\u00f3n de las autoridades pol\u00edtico-administrativas y representativas de la regi\u00f3n.<\/p>\n<p>Entre los actos programados destacan:<\/p>\n<p>1.- Exaltaci\u00f3n a varios uniformados por la labor al servicio de la comunidad.<\/p>\n<p>2.- Ofrenda floral en el parque Santander.<\/p>\n<p>3.- Eucarist\u00eda en la Catedral de San Jos\u00e9 para recordar a los hombres y a las mujeres que ofrendaron la vida y dejaron como legado el amor por la instituci\u00f3n y el acompa\u00f1amiento permanente a los colombianos.<\/p>\n<p>4.- Entrega de medallas y distinciones por parte de la Polic\u00eda, la Gobernaci\u00f3n de Norte de Santander y la Alcald\u00eda de C\u00facuta.<\/p>\n<p>Personal uniformado y no uniformado de la Regi\u00f3n de Polic\u00eda 5, la Polic\u00eda Metropolitana de C\u00facuta y el Departamento de Polic\u00eda Norte de Santander recibi\u00f3 el reconocimiento por la labor cumplida en la instituci\u00f3n.<\/p>\n<p>La Polic\u00eda hizo reconocimiento p\u00f3stumo a cuatro agentes que ofrendaron la vida en actos relacionados con la defensa, conservaci\u00f3n y restablecimiento del orden p\u00fablico en el territorio nacional. A los familiares les entregaron la medalla \u2018Cruz al M\u00e9rito Policial\u2019 y la \u2018Medalla al Valor\u2019.<\/p>\n<p>La Polic\u00eda reconoci\u00f3 a las autoridades civiles el apoyo a la instituci\u00f3n para prestar el servicio a la comunidad y garantizar la seguridad y convivencia ciudadanas.<\/p>\n<p>A los actos asistieron Edgar D\u00edaz, gobernador de Norte de Santander; Donamaris Ram\u00edrez, alcalde de C\u00facuta; brigadier general Jaime Vega \u00c1lvarez, comandante de la Regi\u00f3n de Polic\u00eda 5, y los coroneles Jaime Barrera, comandante de la Polic\u00eda Metropolitana de C\u00facuta, y Jhon Jairo Aroca, comandante del Departamento de Polic\u00eda Norte de Santander.<\/p>\n<p><strong>Foto: PRENSA MECUC<\/strong><\/p>\n<p>&nbsp;<\/p>\n<p>&nbsp;<\/p>\n<p>&nbsp;<\/p>\n<p>&nbsp;<\/p>\n<p>&nbsp;<\/p>\n<p>&nbsp; <\/p>\n","protected":false},"excerpt":{"rendered":"<p>C\u00daCUTA.- La Polic\u00eda de Colombia cumpli\u00f3 124 a\u00f1os de trabajo en defensa de la seguridad de campos y ciudades. En C\u00facuta, para la celebraci\u00f3n del aniversario, se organizaron diversas actividades con participaci\u00f3n de las autoridades pol\u00edtico-administrativas y representativas de la regi\u00f3n. Entre los actos programados destacan: 1.- Exaltaci\u00f3n a varios uniformados por la labor al &hellip;<\/p>\n","protected":false},"author":1,"featured_media":25371,"comment_status":"open","ping_status":"open","sticky":false,"template":"","format":"standard","meta":{"footnotes":""},"categories":[11,32],"tags":[2543,323,163],"class_list":["post-25370","post","type-post","status-publish","format-standard","has-post-thumbnail","hentry","category-cronica-roja","category-recorrido-por-la-region","tag-124-anos-de-la-policia","tag-mecuc","tag-policia-metropolitana"],"_links":{"self":[{"href":"https:\/\/contraluzcucuta.co\/index.php?rest_route=\/wp\/v2\/posts\/25370","targetHints":{"allow":["GET"]}}],"collection":[{"href":"https:\/\/contraluzcucuta.co\/index.php?rest_route=\/wp\/v2\/posts"}],"about":[{"href":"https:\/\/contraluzcucuta.co\/index.php?rest_route=\/wp\/v2\/types\/post"}],"author":[{"embeddable":true,"href":"https:\/\/contraluzcucuta.co\/index.php?rest_route=\/wp\/v2\/users\/1"}],"replies":[{"embeddable":true,"href":"https:\/\/contraluzcucuta.co\/index.php?rest_route=%2Fwp%2Fv2%2Fcomments&post=25370"}],"version-history":[{"count":1,"href":"https:\/\/contraluzcucuta.co\/index.php?rest_route=\/wp\/v2\/posts\/25370\/revisions"}],"predecessor-version":[{"id":25372,"href":"https:\/\/contraluzcucuta.co\/index.php?rest_route=\/wp\/v2\/posts\/25370\/revisions\/25372"}],"wp:featuredmedia":[{"embeddable":true,"href":"https:\/\/contraluzcucuta.co\/index.php?rest_route=\/wp\/v2\/media\/25371"}],"wp:attachment":[{"href":"https:\/\/contraluzcucuta.co\/index.php?rest_route=%2Fwp%2Fv2%2Fmedia&parent=25370"}],"wp:term":[{"taxonomy":"category","embeddable":true,"href":"https:\/\/contraluzcucuta.co\/index.php?rest_route=%2Fwp%2Fv2%2Fcategories&post=25370"},{"taxonomy":"post_tag","embeddable":true,"href":"https:\/\/contraluzcucuta.co\/index.php?rest_route=%2Fwp%2Fv2%2Ftags&post=25370"}],"curies":[{"name":"wp","href":"https:\/\/api.w.org\/{rel}","templated":true}]}}