{"id":25367,"date":"2015-11-08T17:48:24","date_gmt":"2015-11-08T22:48:24","guid":{"rendered":"http:\/\/contraluzcucuta.co\/?p=25367"},"modified":"2015-11-11T17:27:51","modified_gmt":"2015-11-11T22:27:51","slug":"perfil-soy-artista-y-terapeuta-luis-carlos-clavijo-chuin","status":"publish","type":"post","link":"https:\/\/contraluzcucuta.co\/?p=25367","title":{"rendered":"PERFIL. \u201cSoy artista y terapeuta\u201d, Luis Carlos Clavijo, \u2018Chuin\u2019"},"content":{"rendered":"<p><strong>C\u00daCUTA.-<\/strong> Luis Carlos Clavijo, \u2018Chuin\u2019, se siente emocionado. Pas\u00f3 otra versi\u00f3n del festival internacional de mimo, circo teatral y gestual. Grupos especializados se pasearon por cinco municipios de Norte de Santander. Artistas nacionales e internacionales enamoraron a los cucute\u00f1os y a visitantes de la frontera con lo mejor de la m\u00edmica, el arte circense y la gestualidad.<\/p>\n<p>El festival \u2018Mimar la frontera\u2019 cumpli\u00f3 el objetivo de la mano de este artista cucute\u00f1o formado en Europa. Mantiene la sonrisa intacta, la mirada vibrante y la actitud de quien no tiene af\u00e1n, aunque lo tiene. Los d\u00edas son ocupados y el tiempo es limitado. \u201cEn eso soy muy europeo\u201d. Tal vez\u00a0 con esto quiere decir que esta actitud la tom\u00f3 de los a\u00f1os que vivi\u00f3 en el viejo continente, pues a decir verdad la puntualidad no es algo que caracterice a los colombianos.<\/p>\n<p>\u2018Chuin\u2019 Clavijo es expresivo, cuando se pinta la cara se convierte en un ser creativo, para el que no existen la verg\u00fcenza, ni la censura. Estudi\u00f3 hasta los 16 en el colegio Calasanz. Se despidi\u00f3 de C\u00facuta con el anhelo de encontrar el verdadero yo. Luego se fue para Bogot\u00e1 a estudiar cine. Las artes esc\u00e9nicas las\u00a0 aprendi\u00f3 del maestro Marcel Marceau, en Par\u00eds, del cual fue su disc\u00edpulo, y uno de los mayores mimos en la historia de la pantomima.<\/p>\n<p>Es de signo g\u00e9minis, a lo que atribuye su\u00a0 doble personalidad. En su caso aparte de ser artista es tambi\u00e9n terapeuta. Se ha preparado en la somaterapia o\u00a0 psicolog\u00eda moderna. \u201cSoy ascendente y astr\u00f3logo. Soy artista y terapeuta. Me retir\u00e9 un tiempo de todo lo que era art\u00edstico y me fui a estudiar durante cinco a\u00f1os como sicosomoterapeuta. Cuando termin\u00e9 esa carrera, me fui a estudiar cinco a\u00f1os medicina china\u201d.<\/p>\n<p>Ahora, lo que hace es una combinaci\u00f3n de terapia con el arte y adelanta\u00a0 talleres que les permiten a los participantes\u00a0 encontrarse a s\u00ed mismos y manejar\u00a0 el\u00a0 estr\u00e9s.<\/p>\n<p>Cuando se le pregunta por c\u00f3mo se definir\u00eda, se ense\u00f1a magistralmente como una persona que sincroniza la mente y el cuerpo, y\u00a0 se conecta con un p\u00fablico al que siempre le da posibilidad de sonre\u00edr. La pasi\u00f3n por su trabajo\u00a0 se refleja cada vez que habla.<\/p>\n<p>Tiene 53 a\u00f1os, la mitad vividos en Estados Unidos, Singapur, Indonesia, Bal\u00ed y Francia. Muy contrario a lo que cualquiera pensar\u00eda por la carrera que escogi\u00f3, no lleg\u00f3 a ella por circunstancias personales, tampoco lo hizo de manera emp\u00edrica; o porque\u00a0 hubiera crecido entre limitaciones econ\u00f3micas. Su talento es innato, es\u00a0 algo que lleva dentro, que le permite desarrollar la capacidad de bromear, de actuar, de imitar y de re\u00edrse de s\u00ed mismo. Las tres cualidades con las que hoy se gana la vida.<\/p>\n<p>Perdi\u00f3 la cuenta del n\u00famero de horas que ha estado en escena, de la cantidad de presentaciones, de los personajes interpretados, de los kil\u00f3metros recorridos. Sabe que ha sido actor, pero fundamentalmente ha sido mimo, el oficio que emprendi\u00f3 y que se convirti\u00f3 en la b\u00fasqueda personal que alimenta todos los d\u00edas.<\/p>\n<p>Luis Clavijo podr\u00eda permanecer en un escenario por varias horas. Cada uno de sus actos forma parte indisoluble de su ser y emerge de manera espont\u00e1nea. Hasta hace poco dirigi\u00f3 el caf\u00e9 teatro La Playa, una escuela en la que era\u00a0 el maestro y el faro de un grupo de j\u00f3venes que le apuestan la vida al arte, funcionaba como\u00a0 Corporaci\u00f3n para la Cultura de la que era\u00a0 representante legal, y en la que se formaban artistas y\u00a0 actores; se ense\u00f1aba teatro gestual y hip hop. Lastimosamente, por falta de recursos, tuvo que cerrar las puertas pues las organizaciones gubernamentales no le apuestan a la cultura.<\/p>\n<p>Es sincero, sin tapujos y con desparpajo cuenta que le gusta m\u00e1s actuar que ense\u00f1ar, aunque ha educado a muchos j\u00f3venes en la ciudad\u00a0 para que\u00a0 m\u00e1s all\u00e1 de la burla generen sonrisas y remuevan los corazones de los que tienen la posibilidad de verlos.<\/p>\n<p>A \u2018Chuin\u2019 Clavijo le duelen la ciudad, la falta de cultura, la falta de recursos. Se nota en sus palabras. \u201cEn C\u00facuta no hay pol\u00edtica, no hay cultura, a los pol\u00edticos no les interesa la cultura pues la cultura no da votos\u201d.<\/p>\n<p><strong>JULIANA MOLINA<\/strong><\/p>\n<p><strong>Estudiante de Comunicaci\u00f3n Social<\/strong><\/p>\n<p><strong>Universidad de Pamplona<\/strong><\/p>\n<p><strong>Campus de Villa del Rosario<\/strong><\/p>\n<p><strong>Foto: Especial para <a href=\"http:\/\/www.contraluzcucuta.co\">www.contraluzcucuta.co<\/a><\/strong><\/p>\n<p><strong>\u00a0<\/strong> <\/p>\n","protected":false},"excerpt":{"rendered":"<p>C\u00daCUTA.- Luis Carlos Clavijo, \u2018Chuin\u2019, se siente emocionado. Pas\u00f3 otra versi\u00f3n del festival internacional de mimo, circo teatral y gestual. Grupos especializados se pasearon por cinco municipios de Norte de Santander. Artistas nacionales e internacionales enamoraron a los cucute\u00f1os y a visitantes de la frontera con lo mejor de la m\u00edmica, el arte circense y &hellip;<\/p>\n","protected":false},"author":1,"featured_media":25368,"comment_status":"open","ping_status":"open","sticky":false,"template":"","format":"standard","meta":{"footnotes":""},"categories":[74,36,37],"tags":[2542,2293,1834],"class_list":["post-25367","post","type-post","status-publish","format-standard","has-post-thumbnail","hentry","category-aula-universitaria","category-la-voz-del-pueblo","category-paseo-cultural","tag-chuin","tag-luis-carlos-clavijo","tag-mimar-la-frontera"],"_links":{"self":[{"href":"https:\/\/contraluzcucuta.co\/index.php?rest_route=\/wp\/v2\/posts\/25367","targetHints":{"allow":["GET"]}}],"collection":[{"href":"https:\/\/contraluzcucuta.co\/index.php?rest_route=\/wp\/v2\/posts"}],"about":[{"href":"https:\/\/contraluzcucuta.co\/index.php?rest_route=\/wp\/v2\/types\/post"}],"author":[{"embeddable":true,"href":"https:\/\/contraluzcucuta.co\/index.php?rest_route=\/wp\/v2\/users\/1"}],"replies":[{"embeddable":true,"href":"https:\/\/contraluzcucuta.co\/index.php?rest_route=%2Fwp%2Fv2%2Fcomments&post=25367"}],"version-history":[{"count":1,"href":"https:\/\/contraluzcucuta.co\/index.php?rest_route=\/wp\/v2\/posts\/25367\/revisions"}],"predecessor-version":[{"id":25369,"href":"https:\/\/contraluzcucuta.co\/index.php?rest_route=\/wp\/v2\/posts\/25367\/revisions\/25369"}],"wp:featuredmedia":[{"embeddable":true,"href":"https:\/\/contraluzcucuta.co\/index.php?rest_route=\/wp\/v2\/media\/25368"}],"wp:attachment":[{"href":"https:\/\/contraluzcucuta.co\/index.php?rest_route=%2Fwp%2Fv2%2Fmedia&parent=25367"}],"wp:term":[{"taxonomy":"category","embeddable":true,"href":"https:\/\/contraluzcucuta.co\/index.php?rest_route=%2Fwp%2Fv2%2Fcategories&post=25367"},{"taxonomy":"post_tag","embeddable":true,"href":"https:\/\/contraluzcucuta.co\/index.php?rest_route=%2Fwp%2Fv2%2Ftags&post=25367"}],"curies":[{"name":"wp","href":"https:\/\/api.w.org\/{rel}","templated":true}]}}