{"id":25342,"date":"2015-11-03T06:35:01","date_gmt":"2015-11-03T11:35:01","guid":{"rendered":"http:\/\/contraluzcucuta.co\/?p=25342"},"modified":"2015-11-08T17:16:48","modified_gmt":"2015-11-08T22:16:48","slug":"perfil-maria-alba-barras-angel-protector-de-jovenes-cucutenas","status":"publish","type":"post","link":"https:\/\/contraluzcucuta.co\/?p=25342","title":{"rendered":"PERFIL. Mar\u00eda Alba Barras: \u00e1ngel protector de j\u00f3venes cucute\u00f1as"},"content":{"rendered":"<p>Tiene 68 a\u00f1os, naci\u00f3 en Pesca (Boyac\u00e1), el 18 de octubre de 1947. La ni\u00f1ez de Mar\u00eda Alba Barras fue bonita, tuvo pap\u00e1, mam\u00e1 y siete hermanos.\u00a0 \u201cMi pap\u00e1 fue una persona maravillosa nos am\u00f3, pero era exigente\u201d. Con los hermanos la relaci\u00f3n siempre ha sido buena. \u201cSomos unidos a pesar de que no estamos \u00a0en la misma ciudad\u201d. Uno, es rector de la Escuela Normal en Pereira otro trabaja independiente, otro administra su finca, una es secretaria. Dos murieron.<\/p>\n<p>Mar\u00eda tuvo mam\u00e1 hasta los 9 a\u00f1os. Falleci\u00f3 de un infarto y dej\u00f3 a la familia triste e inconsolable. \u201cTodos tomamos un receso. Mi pap\u00e1 se ech\u00f3 a la pena, hizo un paro en la\u00a0 vida, lloraba, no quer\u00eda comer, no sal\u00eda\u201d. Pasaron dos a\u00f1os y retornaron a los deberes, aunque todo no era igual, faltaba el calor materno, la voz consejera y amorosa.<\/p>\n<p>La primaria la hizo en el pueblo donde naci\u00f3 y la secundaria en Bogot\u00e1. No la termino, qued\u00f3 en s\u00e9ptimo grado. El comportamiento en el aula era normal y el padre siempre era felicitado por las buenas calificaciones de Mar\u00eda Alba. La materia favorita era biolog\u00eda, porque las clases eran alegres, en cambio no le gustaba ingl\u00e9s.<\/p>\n<p>Por fin lleg\u00f3 la fecha anhelada por toda joven, los 15 a\u00f1os. La celebraci\u00f3n de Mar\u00eda\u00a0 fue normal. \u201cNo me hicieron fiesta, como las que hacen aqu\u00ed en C\u00facuta. Un almuerzo familiar y hasta ah\u00ed. Como no estaba mi mam\u00e1, no era relevante\u201d.<\/p>\n<p>La adolescencia se desarroll\u00f3 como la de cualquier chica, centrada en los estudios, no pensaba en los chicos, la enamoraban y hacia caso omiso, porque ten\u00eda en la cabeza otros pensamientos. \u201cMi pap\u00e1 era sobreprotector y\u00a0 exigente. No pod\u00edamos ocultarle nada. Por las noches, a las cuatro mujeres, nos preguntaba \u2018\u00bfen el colegio que les dicen sus compa\u00f1eros?\u2019\u201d.<\/p>\n<p>Nunca las dej\u00f3 salir a fiestas,\u00a0 cine y paseos con amigos. \u201cMe gustaba el baile\u201d. La casa ten\u00eda un patio grande y ah\u00ed hac\u00edan las fiestas de matrimonio y bautizos que se celebraban en el pueblo.<\/p>\n<p>Mar\u00eda Alba no\u00a0 sab\u00eda que era la vida religiosa pero sent\u00eda que el matrimonio no era su fuerte, dec\u00eda que se ve\u00eda \u201ccasada o religiosa, casada o religiosa\u201d. Explica la diferencia entre religiosa y monja. \u00a0La primera, lleva una vida mixta de contemplaci\u00f3n y apostolado. La segunda, es la que vive retirada y desconectada del mundo.<\/p>\n<p>\u201cA la edad de 18 a\u00f1os entr\u00e9 a la comunidad (convento)\u201d. Le pregunt\u00f3 al pap\u00e1\u00a0 que si una de las hijas ten\u00eda vocaci\u00f3n para ser religiosa respetar\u00eda esa decisi\u00f3n. \u201cMe le met\u00ed as\u00ed, sin decir que era yo. Me dijo, \u2018hija lo que cada uno de ustedes decida hacer est\u00e1 bien, porque no me voy a quedar con ustedes toda la vida\u2019\u201d. Hasta ah\u00ed todo iba bien. Al a\u00f1o siguiente le dijo que ella la que quer\u00eda entrar a la vida religiosa. Al principio, entristeci\u00f3; luego, la llev\u00f3 al internado.<\/p>\n<p>Comenz\u00f3 el postulantado, novicial y junioral. La formaci\u00f3n dur\u00f3 \u00a06 a\u00f1os; despu\u00e9s, continu\u00f3 la secundaria, se gradu\u00f3 y empez\u00f3 la universidad. En 1994, t\u00e9rmino la carrera profesional de pedagog\u00eda en reeducaci\u00f3n con \u00e9nfasis en espa\u00f1ol.<\/p>\n<p>\u201cViaj\u00e9 a roma y a Espa\u00f1a. Fue una bendici\u00f3n de Dios, porque nunca pens\u00e9 que viajar\u00eda a esos pa\u00edses\u201d. Trabaj\u00f3 en Ecuador dos a\u00f1os y recibi\u00f3 una llamada de la provincial para decirle que la necesitaba en C\u00facuta. No puso objeci\u00f3n y acudi\u00f3 al llamado. Aqu\u00ed, \u00a0lleva 6 a\u00f1os y en enero cumplir\u00e1 50 a\u00f1os de vida religiosa.<\/p>\n<p>Siempre viste con el h\u00e1bito, no le estorba. En Navidad visitan bares y sitios nocturnos para dar charlas y rezar la novena con las muchachas que trabajan ah\u00ed. Vive con cuatro hermanas en el Centro de Capacitaci\u00f3n de las J\u00f3venes. Trabajaron con Bienestar Familiar, pero era un caos. \u201cLos j\u00f3venes eran llevados en contra de la voluntad. La\u00a0 intenci\u00f3n de Bienestar era buena. En el fondo les importa la cantidad mas no la calidad de las personas\u201d.<\/p>\n<p>Ahora,\u00a0 se dedican a reeducar, ir a los bares a ofrecer charlas, los mi\u00e9rcoles se re\u00fane el Centro de Escucha, tienen talleres de aprendizaje, y muchas de las mujeres ponen en pr\u00e1ctica lo que aprendieron y a partir de ah\u00ed comienzan el cambio espiritual.<\/p>\n<p>Han presentado tres proyectos a la Alcald\u00eda y no han tenido respuesta. \u201cEste trabajo que hacemos les corresponde a ellos\u201d. Piden ayuda, porque la casa no cuenta con recursos y es dif\u00edcil trabajar sin dinero.<\/p>\n<p>ELIANA SIERRA<\/p>\n<p>Estudiante de Comunicaci\u00f3n Social<\/p>\n<p>Universidad de Pamplona<\/p>\n<p>Campus de Villa del Rosario<\/p>\n<p>Foto: Especial para www.contraluzcucuta.co<\/p>\n<p>&nbsp; <\/p>\n","protected":false},"excerpt":{"rendered":"<p>Tiene 68 a\u00f1os, naci\u00f3 en Pesca (Boyac\u00e1), el 18 de octubre de 1947. La ni\u00f1ez de Mar\u00eda Alba Barras fue bonita, tuvo pap\u00e1, mam\u00e1 y siete hermanos.\u00a0 \u201cMi pap\u00e1 fue una persona maravillosa nos am\u00f3, pero era exigente\u201d. Con los hermanos la relaci\u00f3n siempre ha sido buena. \u201cSomos unidos a pesar de que no estamos &hellip;<\/p>\n","protected":false},"author":1,"featured_media":25344,"comment_status":"open","ping_status":"open","sticky":false,"template":"","format":"standard","meta":{"footnotes":""},"categories":[74,36],"tags":[2597,719,161],"class_list":["post-25342","post","type-post","status-publish","format-standard","has-post-thumbnail","hentry","category-aula-universitaria","category-la-voz-del-pueblo","tag-aula-universitaria","tag-unipamplona","tag-universidad-de-pamplona"],"_links":{"self":[{"href":"https:\/\/contraluzcucuta.co\/index.php?rest_route=\/wp\/v2\/posts\/25342","targetHints":{"allow":["GET"]}}],"collection":[{"href":"https:\/\/contraluzcucuta.co\/index.php?rest_route=\/wp\/v2\/posts"}],"about":[{"href":"https:\/\/contraluzcucuta.co\/index.php?rest_route=\/wp\/v2\/types\/post"}],"author":[{"embeddable":true,"href":"https:\/\/contraluzcucuta.co\/index.php?rest_route=\/wp\/v2\/users\/1"}],"replies":[{"embeddable":true,"href":"https:\/\/contraluzcucuta.co\/index.php?rest_route=%2Fwp%2Fv2%2Fcomments&post=25342"}],"version-history":[{"count":1,"href":"https:\/\/contraluzcucuta.co\/index.php?rest_route=\/wp\/v2\/posts\/25342\/revisions"}],"predecessor-version":[{"id":25345,"href":"https:\/\/contraluzcucuta.co\/index.php?rest_route=\/wp\/v2\/posts\/25342\/revisions\/25345"}],"wp:featuredmedia":[{"embeddable":true,"href":"https:\/\/contraluzcucuta.co\/index.php?rest_route=\/wp\/v2\/media\/25344"}],"wp:attachment":[{"href":"https:\/\/contraluzcucuta.co\/index.php?rest_route=%2Fwp%2Fv2%2Fmedia&parent=25342"}],"wp:term":[{"taxonomy":"category","embeddable":true,"href":"https:\/\/contraluzcucuta.co\/index.php?rest_route=%2Fwp%2Fv2%2Fcategories&post=25342"},{"taxonomy":"post_tag","embeddable":true,"href":"https:\/\/contraluzcucuta.co\/index.php?rest_route=%2Fwp%2Fv2%2Ftags&post=25342"}],"curies":[{"name":"wp","href":"https:\/\/api.w.org\/{rel}","templated":true}]}}