{"id":25328,"date":"2015-10-25T23:24:29","date_gmt":"2015-10-26T04:24:29","guid":{"rendered":"http:\/\/contraluzcucuta.co\/?p=25328"},"modified":"2015-10-25T23:24:29","modified_gmt":"2015-10-26T04:24:29","slug":"cesar-rojas-vamos-a-trabajar-por-lo-que-queremos-todos-el-progreso-de-la-ciudad","status":"publish","type":"post","link":"https:\/\/contraluzcucuta.co\/?p=25328","title":{"rendered":"C\u00c9SAR ROJAS. \u201cVamos a trabajar por lo que queremos todos, el progreso de la ciudad&#8221;"},"content":{"rendered":"<p><strong>C\u00daCUTA.-<\/strong> Agradecido con Dios por despejarle el camino para llegar a la Alcald\u00eda de C\u00facuta y con los cucute\u00f1os por votar, este 25 de octubre, por su nombre, se mostr\u00f3 C\u00e9sar Rojas Ayala al conocer los resultados de los comicios que lo dieron como ganador. Al final de la jornada obtuvo 102.388 votos, que representan el 35,42 por ciento de la participaci\u00f3n ciudadana.<\/p>\n<p>En las primeras declaraciones como alcalde electo Rojas Ayala tuvo en cuenta a los rivales de plaza y los convoc\u00f3 a trabajar \u201cpor lo que queremos todos, el progreso de la ciudad\u201d. El segundo en las urnas fue Jorge Acevedo, con 87.172 votos (30,15 %) y tercero Carlo Luna, con 64.372 votos\u00a0\u00a0\u00a0\u00a0\u00a0\u00a0\u00a0\u00a0\u00a0\u00a0\u00a0 (22,27 %).<\/p>\n<p>\u201cHoy me correspondi\u00f3 ser el alcalde de los cucute\u00f1os, ma\u00f1ana puede corresponderles a alguno de ellos\u201d, dijo, aunque no los mencion\u00f3 por el nombre. \u201cGracias a Dios por darme la oportunidad de ser el alcalde de C\u00facuta, y a los m\u00e1s de 100.000 cucute\u00f1os que creyeron en C\u00e9sar Rojas, en la propuesta y por el respaldo total\u201d.<\/p>\n<p>Cesar Rojas particip\u00f3 en la contienda electoral como candidato por el partido Opci\u00f3n Ciudadana. Los tres ejes principales del plan de gobierno est\u00e1n enfocados al turismo, la infraestructura, la educaci\u00f3n, el empleo y el desarrollo econ\u00f3mico y comercial. En campa\u00f1a anunci\u00f3 que se fomentar\u00e1 la creaci\u00f3n de m\u00e1s de 8000 puestos de trabajo en el primer a\u00f1o de gobierno.<\/p>\n<p>\u201cC\u00facuta necesita del turismo, debe tener una de las tasas de empleo m\u00e1s altas del pa\u00eds\u00a0 y los \u00edndices de inseguridad m\u00e1s bajos\u201d, repiti\u00f3 en los encuentros con los adeptos mientras recorr\u00eda la ciudad para dar a conocer sus proyectos program\u00e1ticos.<\/p>\n<p>Anoche, agradeci\u00f3 a la familia Su\u00e1rez Corzo por el respaldo ofrecido en el a\u00f1o pol\u00edtico. En campa\u00f1a se vali\u00f3 de la imagen de Ramiro Su\u00e1rez para despertar el fervor de los cucute\u00f1os a su favor. \u201cGracias a todos, a mi familia, mi esposa, mi madre\u201d.<\/p>\n<p>En tono tranquilo, el Alcalde de C\u00facuta para el periodo 2016 \u2013 2019 les pidi\u00f3 a los cucute\u00f1os que \u201ctengan confianza en C\u00e9sar Rosar porque vamos a trabajar por todos los sectores de la ciudad\u201d. Insisti\u00f3 en que \u201cqueremos traer el progreso\u201d para la capital de Norte de Santander.<\/p>\n<p>Apel\u00f3 de nuevo a Dios e inst\u00f3 a sus seguidores a trabajar unidos para que esto, su gobierno que comenzar\u00e1 el primero de enero, sea una realidad. \u201cTengo un reto importante y con la ayuda de todos vamos a salir adelante\u201d.<\/p>\n<p><strong>Foto: PRENSA DE LA CAMPA\u00d1A<\/strong><\/p>\n<p>&nbsp; <\/p>\n","protected":false},"excerpt":{"rendered":"<p>C\u00daCUTA.- Agradecido con Dios por despejarle el camino para llegar a la Alcald\u00eda de C\u00facuta y con los cucute\u00f1os por votar, este 25 de octubre, por su nombre, se mostr\u00f3 C\u00e9sar Rojas Ayala al conocer los resultados de los comicios que lo dieron como ganador. Al final de la jornada obtuvo 102.388 votos, que representan &hellip;<\/p>\n","protected":false},"author":1,"featured_media":25329,"comment_status":"open","ping_status":"open","sticky":false,"template":"","format":"standard","meta":{"footnotes":""},"categories":[541,4],"tags":[2536,1558,2058],"class_list":["post-25328","post","type-post","status-publish","format-standard","has-post-thumbnail","hentry","category-ciudad","category-barra","tag-alcalde-de-cucuta-2016-2019","tag-cesar-rojas-ayala","tag-elecciones-2015"],"_links":{"self":[{"href":"https:\/\/contraluzcucuta.co\/index.php?rest_route=\/wp\/v2\/posts\/25328","targetHints":{"allow":["GET"]}}],"collection":[{"href":"https:\/\/contraluzcucuta.co\/index.php?rest_route=\/wp\/v2\/posts"}],"about":[{"href":"https:\/\/contraluzcucuta.co\/index.php?rest_route=\/wp\/v2\/types\/post"}],"author":[{"embeddable":true,"href":"https:\/\/contraluzcucuta.co\/index.php?rest_route=\/wp\/v2\/users\/1"}],"replies":[{"embeddable":true,"href":"https:\/\/contraluzcucuta.co\/index.php?rest_route=%2Fwp%2Fv2%2Fcomments&post=25328"}],"version-history":[{"count":1,"href":"https:\/\/contraluzcucuta.co\/index.php?rest_route=\/wp\/v2\/posts\/25328\/revisions"}],"predecessor-version":[{"id":25330,"href":"https:\/\/contraluzcucuta.co\/index.php?rest_route=\/wp\/v2\/posts\/25328\/revisions\/25330"}],"wp:featuredmedia":[{"embeddable":true,"href":"https:\/\/contraluzcucuta.co\/index.php?rest_route=\/wp\/v2\/media\/25329"}],"wp:attachment":[{"href":"https:\/\/contraluzcucuta.co\/index.php?rest_route=%2Fwp%2Fv2%2Fmedia&parent=25328"}],"wp:term":[{"taxonomy":"category","embeddable":true,"href":"https:\/\/contraluzcucuta.co\/index.php?rest_route=%2Fwp%2Fv2%2Fcategories&post=25328"},{"taxonomy":"post_tag","embeddable":true,"href":"https:\/\/contraluzcucuta.co\/index.php?rest_route=%2Fwp%2Fv2%2Ftags&post=25328"}],"curies":[{"name":"wp","href":"https:\/\/api.w.org\/{rel}","templated":true}]}}