{"id":25322,"date":"2015-10-25T22:05:38","date_gmt":"2015-10-26T03:05:38","guid":{"rendered":"http:\/\/contraluzcucuta.co\/?p=25322"},"modified":"2015-10-25T22:05:38","modified_gmt":"2015-10-26T03:05:38","slug":"elecciones-2015-siete-mujeres-integran-el-mapa-politico-de-norte-de-santander","status":"publish","type":"post","link":"https:\/\/contraluzcucuta.co\/?p=25322","title":{"rendered":"ELECCIONES 2015. Siete mujeres integran el mapa pol\u00edtico de Norte de Santander"},"content":{"rendered":"<p><strong>C\u00daCUTA.-<\/strong> Los comicios de este 25 de octubre cambiaron el decorado pol\u00edtico de Norte de Santander. El mapa, otrora pintado de azul y rojo, qued\u00f3 impregnado de diversos colores como consecuencia de la variedad de colores que representan a partidos y movimientos que dieron aval a los candidatos a las 40 alcald\u00edas en el departamento.<\/p>\n<p>Siete mujeres llegaron este domingo al poder municipal y se codear\u00e1n con sus similares hombres en el desarrollo de cada uno de los pueblos para los que fueron elegidos. La mano femenina estar\u00e1 representada en el 17,5 por ciento \u00a0durante los cuatro a\u00f1os venideros (2016\u00a0&#8211; 2019).<\/p>\n<p>La siguiente es la composici\u00f3n pol\u00edtica en Norte de Santander:<\/p>\n<p>1.- \u00c1brego. Huber Dar\u00edo S\u00e1nchez Ortega. Partido de la U: 5634 votos. (42,00 %)<\/p>\n<p>2.- Arboledas. Carlos Danilo Esteban Galvis. Arboledas Renace: 2489 votos (53,04 %)<\/p>\n<p>3.- Bochalema. Mar\u00eda Inmaculada Parada Berm\u00f3n. Partido de la U: 2139 votos (50,30 %)<\/p>\n<p>4.- Bucarasica. Guzm\u00e1n Reyes Lizcano Gonz\u00e1lez. Partido Conservador Colombiano: 1260 votos (44,36 %)<\/p>\n<p>5.- C\u00e1chira. Henry Augusto Reyes Acevedo. Partido Opci\u00f3n Ciudadana &#8211; Partido Conservador Colombiano: 2383 votos (50,16 %)<\/p>\n<p>6.- C\u00e1cota. Manuel Isidro Ca\u00f1as. Unidos por C\u00e1cota: 783 votos (47,54 %)<\/p>\n<p>7.- Chin\u00e1cota. Nubia Rosa Romero Contreras. Partido de la U: 2367 votos (31,87 %)<\/p>\n<p>8.- Chitag\u00e1. Fredy Orlando Quintero Mogoll\u00f3n. Partido de la U &#8211; y Cambio radical: 1990 votos (40,19 %)<\/p>\n<p>9.- Convenci\u00f3n. Hermes Alfonso Garc\u00eda Quintero: Partido Conservador Colombiano: 4042 votos (54,71 %)<\/p>\n<p>10.- Cucutilla. Rosendo Ortega Silva. Partido de la U &#8211; Opci\u00f3n Ciudadana: 2408 votos\u00a0\u00a0\u00a0 (54,12 %)<\/p>\n<p>11.- Durania. Marlyn Yohana M\u00e1rquez Rivera. Partido Cambio Radical: 1762\u00a0\u00a0\u00a0\u00a0\u00a0\u00a0\u00a0 votos (61,30 %)<\/p>\n<p>12.- El Carmen. Edwuin Humberto Contreras Chinchilla. Partido Liberal Colombiano: 2111 votos (33,68 %)<\/p>\n<p>13.- El Tarra. Jos\u00e9 de Dios Toro Villegas. Polo Democr\u00e1tico Alternativo: 3452\u00a0\u00a0\u00a0\u00a0\u00a0\u00a0\u00a0 votos (57,09 %)<\/p>\n<p>14.- El Zulia. Elkin Caballero Ram\u00edrez. Partido de la U: 4606 votos (37,03 %)<\/p>\n<p>15.- Gramalote. Jos\u00e9 Tarcisio Celis Rinc\u00f3n. Partido Conservador Colombiano: 1580 votos (48,40 %)<\/p>\n<p>16.- Hacar\u00ed. Milciades Pinz\u00f3n Pinz\u00f3n. Movimiento Alternativo Ind\u00edgena y Social \u2018Mais\u2019: 1807 votos (38,04 %)<\/p>\n<p>17.- Herr\u00e1n. Franio Guill\u00e9n Orozco Fern\u00e1ndez. \u2018Herranenses Aut\u00f3nomos, Capaces y Libres\u2019: 1278 votos (59,08 %)<\/p>\n<p>18.- La Esperanza. Jaider Navarro Quintero. Alianza para el Progreso: 2921votos (52,03 %)<\/p>\n<p>19.- La Playa. V\u00edctor Julio Claro Lozano. Partido Conservador Colombiano: 3051\u00a0 votos (81,62 %)<\/p>\n<p>20.- Labateca. Evelio Valencia Pe\u00f1aloza. Juntos para seguir progresando: 1397\u00a0\u00a0\u00a0 votos (43,43 %)<\/p>\n<p>21.- Los Patios. Diego Armando Gonz\u00e1lez Toloza. Partido de la U &#8211; Partido Cambio Radical &#8211; Partido Opci\u00f3n Ciudadana: 19.010 votos (49,38 %)<\/p>\n<p>22.- Lourdes. Omar Alexander Dumes Montero. Partido de la U: 1213 votos\u00a0\u00a0\u00a0\u00a0\u00a0\u00a0\u00a0\u00a0 (50,81%)<\/p>\n<p>23.- Mutiscua. Ana Dolores Solano Mantilla. Partido Opci\u00f3n Ciudadana &#8211; Cambio Radical: 1141 votos (53,61 %)<\/p>\n<p>24.- Oca\u00f1a. Miriam del Socorro Prado Carrascal. Partido Conservador Colombiano: 13.558 votos (29,44 %)<\/p>\n<p>25.- Pamplona. Ronald Mauricio Contreras Fl\u00f3rez. Partido Centro Democr\u00e1tico. 10.651 votos (45,30 %)<\/p>\n<p>26.- Pamplonita. Francisco Alexander Contreras Rico. Partido Conservador Colombiano: 1570 votos (54,15 %)<\/p>\n<p>27.- Puerto Santander. Henry Manuel Valero Peinado. Partido Conservador Colombiano: 2896 votos (54,41 %)<\/p>\n<p>28.- Ragonvalia. Neyda Vianey Latorre Castellanos. Partido Conservador Colombiano: 1760\u00a0 votos (55,62 %)<\/p>\n<p>29.- Salazar. Ronal Felipe Jaimes Pab\u00f3n. Partido de la U: 2329 votos (46,55 %)<\/p>\n<p>30.-\u00a0 San Calixto. Yadil Jos\u00e9 Sanguino Manzano. Partido Alianza Verde &#8211; Partido Uni\u00f3n Patri\u00f3tica: 2300\u00a0 (56,67 %)<\/p>\n<p>31.- San Cayetano. Luis Javier Agudelo Guerrero. Partido de la U &#8211; Partido Liberal &#8211; Partidos Alianza Verde: 2353 votos (58,63 %)<\/p>\n<p>32.- Santiago. Nelson Camacho Ortiz. Partido Conservador Colombiano: 1117\u00a0\u00a0\u00a0\u00a0 votos (49,71 %)<\/p>\n<p>33.- Sardinata. Yamile Rangel Calder\u00f3n. Partido Conservador Colombiano: 4123 votos (45,23 %)<\/p>\n<p>34.- Silos. Orlando Portilla Mantilla. Partido Opci\u00f3n Ciudadana: 933 votos (29,94 %)<\/p>\n<p>35.- Teorama. Jes\u00fas Leid Montagut Montejo. Autoridades Ind\u00edgenas de Colombia \u2018Aico\u2019 &#8211; Polo Democr\u00e1tico Alternativo: 2341 votos (36,84 %)<\/p>\n<p>36.- Tib\u00fa. Jes\u00fas Alberto Escalante Ascencio. Partido Alianza Social Independiente: 5216 votos (36,44 %)<\/p>\n<p>37.- Toledo. Jairo Alberto Castellanos Serrano. Partido Cambio Radical: 3898\u00a0\u00a0\u00a0\u00a0\u00a0\u00a0\u00a0 votos (52,80 %)<\/p>\n<p>38.- Villa Caro. Andelfo Ortiz Mora. Partido Opci\u00f3n Ciudadana: 1364 votos (52,36 %)<\/p>\n<p>39.- Villa del Rosario. Pepe Ruiz Paredes. Movimiento Autoridades Ind\u00edgenas de Colombia: 17.286 votos (47,11 %).<\/p>\n<p><strong>Foto: <a href=\"http:\/\/www.contraluzcucuta.co\">www.contraluzcucuta.co<\/a><\/strong><\/p>\n<p><strong>\u00a0<\/strong><\/p>\n<p>&nbsp; <\/p>\n","protected":false},"excerpt":{"rendered":"<p>C\u00daCUTA.- Los comicios de este 25 de octubre cambiaron el decorado pol\u00edtico de Norte de Santander. El mapa, otrora pintado de azul y rojo, qued\u00f3 impregnado de diversos colores como consecuencia de la variedad de colores que representan a partidos y movimientos que dieron aval a los candidatos a las 40 alcald\u00edas en el departamento. &hellip;<\/p>\n","protected":false},"author":1,"featured_media":25323,"comment_status":"open","ping_status":"open","sticky":false,"template":"","format":"standard","meta":{"footnotes":""},"categories":[4,9],"tags":[2534,2058],"class_list":["post-25322","post","type-post","status-publish","format-standard","has-post-thumbnail","hentry","category-barra","category-politica","tag-alcaldes-de-norte-de-santander-2016-2019","tag-elecciones-2015"],"_links":{"self":[{"href":"https:\/\/contraluzcucuta.co\/index.php?rest_route=\/wp\/v2\/posts\/25322","targetHints":{"allow":["GET"]}}],"collection":[{"href":"https:\/\/contraluzcucuta.co\/index.php?rest_route=\/wp\/v2\/posts"}],"about":[{"href":"https:\/\/contraluzcucuta.co\/index.php?rest_route=\/wp\/v2\/types\/post"}],"author":[{"embeddable":true,"href":"https:\/\/contraluzcucuta.co\/index.php?rest_route=\/wp\/v2\/users\/1"}],"replies":[{"embeddable":true,"href":"https:\/\/contraluzcucuta.co\/index.php?rest_route=%2Fwp%2Fv2%2Fcomments&post=25322"}],"version-history":[{"count":1,"href":"https:\/\/contraluzcucuta.co\/index.php?rest_route=\/wp\/v2\/posts\/25322\/revisions"}],"predecessor-version":[{"id":25324,"href":"https:\/\/contraluzcucuta.co\/index.php?rest_route=\/wp\/v2\/posts\/25322\/revisions\/25324"}],"wp:featuredmedia":[{"embeddable":true,"href":"https:\/\/contraluzcucuta.co\/index.php?rest_route=\/wp\/v2\/media\/25323"}],"wp:attachment":[{"href":"https:\/\/contraluzcucuta.co\/index.php?rest_route=%2Fwp%2Fv2%2Fmedia&parent=25322"}],"wp:term":[{"taxonomy":"category","embeddable":true,"href":"https:\/\/contraluzcucuta.co\/index.php?rest_route=%2Fwp%2Fv2%2Fcategories&post=25322"},{"taxonomy":"post_tag","embeddable":true,"href":"https:\/\/contraluzcucuta.co\/index.php?rest_route=%2Fwp%2Fv2%2Ftags&post=25322"}],"curies":[{"name":"wp","href":"https:\/\/api.w.org\/{rel}","templated":true}]}}