{"id":25276,"date":"2015-10-12T19:24:06","date_gmt":"2015-10-13T00:24:06","guid":{"rendered":"http:\/\/contraluzcucuta.co\/?p=25276"},"modified":"2015-10-12T19:24:06","modified_gmt":"2015-10-13T00:24:06","slug":"notas-al-margen-frontera-despierta-o-vamos-hacia-el-estancamiento","status":"publish","type":"post","link":"https:\/\/contraluzcucuta.co\/?p=25276","title":{"rendered":"NOTAS AL MARGEN. \u00a1Frontera, despierta\u00a0 o\u00a0 vamos hacia el estancamiento!\u00a0"},"content":{"rendered":"<p>1.- En la \u00faltima semana, me propuse dar una vuelta por el centro comercial\u00a0 de C\u00facuta en procura de captar lo que acontece ante la anormalidad de las relaciones con Venezuela y el no di\u00e1logo directo de los empresarios del \u00e1rea con los venezolanos, que a fin de cuentas son los que con las respectivas comunidades dan aliento y vida a esta faja territorial especial, que infortunadamente contin\u00faa\u00a0 sin ser entendida y verdaderamente auxiliada para que se suceda una trasformaci\u00f3n positiva y se d\u00e9 paso a iniciativas y proyectos que desde los comienzos de la historia pueden dar origen a prospectos de uni\u00f3n e intercambio, que dif\u00edcilmente lo pueden\u00a0 celebrar otras naciones que no poseen la ubicaci\u00f3n geoestrat\u00e9gica de la colombo-venezolana, ni los productos y \u00e1reas aptas para incrementar la agricultura, la ganader\u00eda y el desarrollo compartido.<\/p>\n<p>Es tan impactante lo que se encuentra por la pasividad, la falta de asociaci\u00f3n y la carencia de liderazgo, que uno puede imaginarse\u00a0 que se halla en cualquier zona marginal del planeta, pero no en una ciudad que se tuvo en cuenta para estudiarla junto a San Crist\u00f3bal, en el Estado T\u00e1chira, e impulsar el prospecto de\u00a0 la Ciudadela Internacional de los Andes, pero que ha sido por su conexidad y unidad con Villa del Rosario y todo lo que se produjo en el proceso de independencia, en la capital de la integraci\u00f3n en Am\u00e9rica y, que a su vez, si logra hacer girar la aguja del tiempo y a sus pobladores y vecinos hacia la perspectiva visionaria del futuro, convertirse &#8211; junto con ellos-\u00a0 en un emporio de proyecciones multifac\u00e9ticas en el campo industrial y de servicios, mediante acuerdos y entendimientos que den cabida a las verdaderas soluciones, que son exigentes, como las correspondientes al agua, al gas, a los costos en servicios, al establecimiento de \u00e1reas apropiadas y debidamente dotadas y adecuadas para parques industriales y tecnol\u00f3gicos, zonas francas especializadas y una zona aduanera para maquiladoras y sin descuidar los incentivos, est\u00edmulos y mecanismos que se deben otorgar para la atracci\u00f3n de inversiones y en las universidades y centros de estudio y capacitaci\u00f3n, a las investigaciones e innovaciones, que esperan promotores y activadores.<\/p>\n<p>2.-infortunadamente, y porque por mucho tiempo se ha dejado germinar el esperar y la no renovaci\u00f3n de cuadros en las entidades y organismos que deben ser pilares del cambio y trasformaci\u00f3n que a gritos pide la regi\u00f3n, que lleg\u00f3 a contabilizar periodos de visitantes con m\u00e1s de 39.000 veh\u00edculos diarios, que a un promedio de tres pasajeros por veh\u00edculo arrojan m\u00e1s de 100.000 potenciales compradores, ahora nos encontramos con el triste espect\u00e1culo de observar la construcci\u00f3n de un nuevo puente internacional, mientras se cierra el tr\u00e1fico automotor y la movilidad se reduce a la m\u00ednima expresi\u00f3n, todo, en medio de un silencio y pasividad, que sobrecoge hasta para aquellos que no saben el por qu\u00e9 fue llamada \u2018la frontera m\u00e1s viva del continente\u2019, y que hasta dio origen al tri\u00e1ngulo de oro, compuesto por Maracaibo, San Crist\u00f3bal y C\u00facuta.<\/p>\n<p>3.- \u00bfQui\u00e9nes integran la Comisi\u00f3n Binacional Fronteriza y del sector privado que asiste y asesora a los agentes de los dos gobiernos encargados de regular y reglamentar las acciones y derechos que se estimen permisibles?\u00a0 Como es claro y evidente que Colombia y Venezuela en sus proyecciones institucionales registran diferencias \u00bfcu\u00e1les son las gu\u00edas y directrices de los dos gobiernos? Bueno es recordar que el parque industrial de Kaoshing entre Corea del Norte y Corea del Sur, pese a las diferencias de los dos estados, es activo impulsor de desarrollo.<\/p>\n<p>Tambi\u00e9n, es bueno recordar que si la frontera no logra atenci\u00f3n para los pedidos de asistencia y apoyo, y no se acuerdan descentralizaciones que permitan agilizar tareas y una mayor representatividad de la gente, seguiremos viendo desaparecer hasta las estaciones del tren y del tranv\u00eda.<\/p>\n<p>Por eso hay que crear y estimular\u00a0 un movimiento de renovaci\u00f3n y trasformaci\u00f3n fronteriza que vele, dinamice y represente a los sectores ciudadanos.<\/p>\n<p><strong>JOS\u00c9 NEIRA REY<\/strong><\/p>\n<p><strong><a href=\"mailto:jneirarey@hotmail.com\">jneirarey@hotmail.com<\/a><\/strong><\/p>\n<p><strong>Foto:<\/strong> <strong>AFP<\/strong><\/p>\n<p><strong>\u00a0<\/strong> <\/p>\n","protected":false},"excerpt":{"rendered":"<p>1.- En la \u00faltima semana, me propuse dar una vuelta por el centro comercial\u00a0 de C\u00facuta en procura de captar lo que acontece ante la anormalidad de las relaciones con Venezuela y el no di\u00e1logo directo de los empresarios del \u00e1rea con los venezolanos, que a fin de cuentas son los que con las respectivas &hellip;<\/p>\n","protected":false},"author":1,"featured_media":25277,"comment_status":"open","ping_status":"open","sticky":false,"template":"","format":"standard","meta":{"footnotes":""},"categories":[14,4],"tags":[382,956],"class_list":["post-25276","post","type-post","status-publish","format-standard","has-post-thumbnail","hentry","category-articulistas","category-barra","tag-jose-neira","tag-notas-al-margen"],"_links":{"self":[{"href":"https:\/\/contraluzcucuta.co\/index.php?rest_route=\/wp\/v2\/posts\/25276","targetHints":{"allow":["GET"]}}],"collection":[{"href":"https:\/\/contraluzcucuta.co\/index.php?rest_route=\/wp\/v2\/posts"}],"about":[{"href":"https:\/\/contraluzcucuta.co\/index.php?rest_route=\/wp\/v2\/types\/post"}],"author":[{"embeddable":true,"href":"https:\/\/contraluzcucuta.co\/index.php?rest_route=\/wp\/v2\/users\/1"}],"replies":[{"embeddable":true,"href":"https:\/\/contraluzcucuta.co\/index.php?rest_route=%2Fwp%2Fv2%2Fcomments&post=25276"}],"version-history":[{"count":1,"href":"https:\/\/contraluzcucuta.co\/index.php?rest_route=\/wp\/v2\/posts\/25276\/revisions"}],"predecessor-version":[{"id":25278,"href":"https:\/\/contraluzcucuta.co\/index.php?rest_route=\/wp\/v2\/posts\/25276\/revisions\/25278"}],"wp:featuredmedia":[{"embeddable":true,"href":"https:\/\/contraluzcucuta.co\/index.php?rest_route=\/wp\/v2\/media\/25277"}],"wp:attachment":[{"href":"https:\/\/contraluzcucuta.co\/index.php?rest_route=%2Fwp%2Fv2%2Fmedia&parent=25276"}],"wp:term":[{"taxonomy":"category","embeddable":true,"href":"https:\/\/contraluzcucuta.co\/index.php?rest_route=%2Fwp%2Fv2%2Fcategories&post=25276"},{"taxonomy":"post_tag","embeddable":true,"href":"https:\/\/contraluzcucuta.co\/index.php?rest_route=%2Fwp%2Fv2%2Ftags&post=25276"}],"curies":[{"name":"wp","href":"https:\/\/api.w.org\/{rel}","templated":true}]}}