{"id":25263,"date":"2015-10-12T17:03:51","date_gmt":"2015-10-12T22:03:51","guid":{"rendered":"http:\/\/contraluzcucuta.co\/?p=25263"},"modified":"2015-10-16T21:57:33","modified_gmt":"2015-10-17T02:57:33","slug":"centro-comercial-jardin-plaza-se-invertiran-15-000-millones-en-120-000-metros","status":"publish","type":"post","link":"https:\/\/contraluzcucuta.co\/?p=25263","title":{"rendered":"CENTRO COMERCIAL JARD\u00cdN PLAZA. \u00a0Se invertir\u00e1n \u00a0$ 15.000 millones en 120.000 metros"},"content":{"rendered":"<p><strong>C\u00daCUTA.-<\/strong> Los cucute\u00f1os contar\u00e1n con un nuevo centro comercial, al que le apuntan inversionistas ingleses y portugueses. La obra, que tendr\u00e1 un costo de $ 15.000 millones \u00a0se levantar\u00e1 entre la Avenida del R\u00edo y el anillo vial, en un \u00e1rea de 120.000 metros cuadrados.<\/p>\n<p>El Centro Comercial Alexa, ubicado en Berl\u00edn, capital de Alemania, \u00a0sirvi\u00f3 de marco para la ratificaci\u00f3n de la inversi\u00f3n de portugueses e ingleses en el Centro Comercial Jard\u00edn Plaza. La nueva obra se construir\u00e1 en el sector de La Gazapa.<\/p>\n<p>El alcalde Donamaris Ram\u00edrez fue recibido en la capital alemana por Oliver Hanna, gerente del Centro Comercial Alexa. El proyecto es uno de los m\u00e1s importantes de Sonae Sierra, cuenta con una superficie bruta alquilable de 56.563 metros cuadrados, 185 almacenes y 1600 parqueaderos cubiertos.<\/p>\n<p>Sonae Sierra est\u00e1 en Colombia desde el 2010 y ha desarrollado los centros comerciales Jard\u00edn Plaza Cali y Centro Chipichape, en la capital del Valle del Cauca.<\/p>\n<p>Luego de que la administraci\u00f3n municipal de C\u00facuta expidiera el plan parcial y la licencia de construcci\u00f3n, los inversionistas ingleses y portugueses, junto con los socios cale\u00f1os, anunciaron que el inicio de los trabajos del Centro Comercial Jard\u00edn Plaza ser\u00e1 al final de octubre, en inmediaciones del puente \u2018Enrique Cuadros Corredor\u2019.<\/p>\n<p>El nuevo centro comercial se levantar\u00e1 en un lote de 120.000 metros cuadrados. Los costos en urbanismo ascienden a $ 15.000 millones. En C\u00facuta est\u00e1 aplazada la construcci\u00f3n del centro comercial Tennis Park mientras se soluciona el inconveniente suscitado por la eliminaci\u00f3n del pulm\u00f3n verde de la ciudad, generado por un millar de \u00e1rboles en el Club Tennis.<\/p>\n<p>El alcalde Ram\u00edrez dijo que los inversionistas ven en C\u00facuta a una ciudad de oportunidades y entienden, como lo han entendido otros inversionistas que han llegado a la ciudad, que Venezuela va a necesitar de la capital e Norte de Santander para adquirir los elementos que est\u00e1n desabastecidos en el momento en que se d\u00e9 apertura a la frontera.<\/p>\n<p>El paso vehicular y peatonal est\u00e1 cerrado desde agosto por disposici\u00f3n del presidente venezolano Nicol\u00e1s Maduro. Luego, se dio la deportaci\u00f3n masiva de colombianos residentes en el estado T\u00e1chira. Se espera que el gobernante vecino reverse la orden despu\u00e9s de las elecciones regionales, en diciembre.<\/p>\n<p>Tiago Eiron, representante del grupo de inversi\u00f3n integrado por \u00a0portugueses e ingleses, explic\u00f3 que las obras del centro comercial est\u00e1n proyectadas a un a\u00f1o. El proyecto est\u00e1 \u00a0en la etapa de comercializaci\u00f3n, a la que se le unir\u00e1 una fase de urbanizaci\u00f3n.<\/p>\n<p><strong>Foto: PRENSA ALCALD\u00cdA DE C\u00daCUTA<\/strong><\/p>\n<p>&nbsp; <\/p>\n","protected":false},"excerpt":{"rendered":"<p>C\u00daCUTA.- Los cucute\u00f1os contar\u00e1n con un nuevo centro comercial, al que le apuntan inversionistas ingleses y portugueses. La obra, que tendr\u00e1 un costo de $ 15.000 millones \u00a0se levantar\u00e1 entre la Avenida del R\u00edo y el anillo vial, en un \u00e1rea de 120.000 metros cuadrados. El Centro Comercial Alexa, ubicado en Berl\u00edn, capital de Alemania, &hellip;<\/p>\n","protected":false},"author":1,"featured_media":25264,"comment_status":"open","ping_status":"open","sticky":false,"template":"","format":"standard","meta":{"footnotes":""},"categories":[541,6],"tags":[2530],"class_list":["post-25263","post","type-post","status-publish","format-standard","has-post-thumbnail","hentry","category-ciudad","category-ojo-avizor","tag-centro-comercial-jardin-plaza"],"_links":{"self":[{"href":"https:\/\/contraluzcucuta.co\/index.php?rest_route=\/wp\/v2\/posts\/25263","targetHints":{"allow":["GET"]}}],"collection":[{"href":"https:\/\/contraluzcucuta.co\/index.php?rest_route=\/wp\/v2\/posts"}],"about":[{"href":"https:\/\/contraluzcucuta.co\/index.php?rest_route=\/wp\/v2\/types\/post"}],"author":[{"embeddable":true,"href":"https:\/\/contraluzcucuta.co\/index.php?rest_route=\/wp\/v2\/users\/1"}],"replies":[{"embeddable":true,"href":"https:\/\/contraluzcucuta.co\/index.php?rest_route=%2Fwp%2Fv2%2Fcomments&post=25263"}],"version-history":[{"count":1,"href":"https:\/\/contraluzcucuta.co\/index.php?rest_route=\/wp\/v2\/posts\/25263\/revisions"}],"predecessor-version":[{"id":25265,"href":"https:\/\/contraluzcucuta.co\/index.php?rest_route=\/wp\/v2\/posts\/25263\/revisions\/25265"}],"wp:featuredmedia":[{"embeddable":true,"href":"https:\/\/contraluzcucuta.co\/index.php?rest_route=\/wp\/v2\/media\/25264"}],"wp:attachment":[{"href":"https:\/\/contraluzcucuta.co\/index.php?rest_route=%2Fwp%2Fv2%2Fmedia&parent=25263"}],"wp:term":[{"taxonomy":"category","embeddable":true,"href":"https:\/\/contraluzcucuta.co\/index.php?rest_route=%2Fwp%2Fv2%2Fcategories&post=25263"},{"taxonomy":"post_tag","embeddable":true,"href":"https:\/\/contraluzcucuta.co\/index.php?rest_route=%2Fwp%2Fv2%2Ftags&post=25263"}],"curies":[{"name":"wp","href":"https:\/\/api.w.org\/{rel}","templated":true}]}}