{"id":25188,"date":"2015-09-24T19:52:23","date_gmt":"2015-09-25T00:52:23","guid":{"rendered":"http:\/\/contraluzcucuta.co\/?p=25188"},"modified":"2015-09-27T21:23:35","modified_gmt":"2015-09-28T02:23:35","slug":"desde-afuera-abogado-cucuteno-asiste-a-master-de-derechos-humanos-en-espana","status":"publish","type":"post","link":"https:\/\/contraluzcucuta.co\/?p=25188","title":{"rendered":"DESDE AFUERA. Abogado cucute\u00f1o asiste a m\u00e1ster de derechos humanos en Espa\u00f1a"},"content":{"rendered":"<p><strong>C\u00daCUTA.-<\/strong> El abogado cucute\u00f1o Benito Bonilla Su\u00e1rez fue seleccionado por el Defensor del Pueblo de Espa\u00f1a como becario para curar el m\u00e1ster universitario en Protecci\u00f3n Internacional de los Derechos Humanos. La jornada acad\u00e9mica es organizada por la universidad de Alcal\u00e1 y tendr\u00e1 lugar en Madrid. La edici\u00f3n 12 del curso estar\u00e1 dividida en m\u00f3dulos presenciales, pr\u00e1cticos y trabajo de grado.<\/p>\n<p>Las defensor\u00edas del pueblo, procuradores y comisiones de derechos seleccionaron a los delegados, que comenzaron la preparaci\u00f3n a mediados de septiembre y estar\u00e1n en tierra espa\u00f1ola hasta el 20 de diciembre. Los becarios estar\u00e1n ausentes del puesto de trabajo durante 12 semanas.<\/p>\n<p>Benito Bonilla es defensor de los derechos humanos en la Defensor\u00eda del Pueblo \u2013 Norte de Santander. \u00a0Es profesional especializado grado 19, ingres\u00f3 a la oficina el 1 de octubre de 1999 y a lo largo de la carrera se ha mantenido sin sanciones disciplinarias, penales, ni fiscales. Entre las labores que lleva a cabo destacan:<\/p>\n<p>1.-\u00a0 Los fines de semana asiste al centro penitenciario y acompa\u00f1a a los familiares de los internos en el proceso de entrada\u00a0 al establecimiento.<\/p>\n<p>2.- Peri\u00f3dicamente, visita el centro carcelario de Pamplona para verificar la situaci\u00f3n integral de los internos.<\/p>\n<p>3.- Gestiona ante las organizaciones sociales \u00fatiles de aseo, ropa y dem\u00e1s productos que sea permitido ingresar y compartir con los internos que no cuentan con visitas de familiares ni con recursos para adquirirlos.<\/p>\n<p>4.- En el ejercicio de la profesi\u00f3n sirvi\u00f3 como garante en la elecci\u00f3n de los representantes de los internos al Comit\u00e9 de Derechos Humanos del complejo penitenciario de C\u00facuta.<\/p>\n<p>5.- En la parte acad\u00e9mica propici\u00f3 jornadas de acercamiento entre los alumnos de la Escuela Superior de Administraci\u00f3n P\u00fablica (Esap) y el Comit\u00e9 de Derechos Humanos. Los estudiantes donaron los chalecos que identifican a los representantes de cada patio.<\/p>\n<p>6.- En la instituci\u00f3n organiz\u00f3 con los funcionarios de la Defensor\u00eda\u00a0 regional jornadas de integraci\u00f3n deportiva con los miembros del Comit\u00e9 de DD.HH.<\/p>\n<p>El m\u00e1ster universitario de Protecci\u00f3n Internacional de los Derechos Humanos est\u00e1 dividido en tres m\u00f3dulos:<\/p>\n<p>1.- Car\u00e1cter acad\u00e9mico. Consta de 12 semanas de clases presenciales. Los contenidos generales abarcan el estudio del concepto y las categor\u00edas de derechos humanos. Presta especial atenci\u00f3n a los mecanismos jur\u00eddicos de promoci\u00f3n y protecci\u00f3n internacional.<\/p>\n<p>2.- Car\u00e1cter pr\u00e1ctico. Se centra en la ejecuci\u00f3n de la pr\u00e1ctica profesional en la instituci\u00f3n donde se desempe\u00f1a.<\/p>\n<p>3.- Trabajo de investigaci\u00f3n. Bajo la supervisi\u00f3n de uno de los profesores del m\u00f3dulo de ense\u00f1anza presencial.<\/p>\n<p><strong>Foto: ARCHIVO PERSONAL<\/strong><\/p>\n<p>&nbsp;<\/p>\n<p>&nbsp;<\/p>\n<p>&nbsp; <\/p>\n","protected":false},"excerpt":{"rendered":"<p>C\u00daCUTA.- El abogado cucute\u00f1o Benito Bonilla Su\u00e1rez fue seleccionado por el Defensor del Pueblo de Espa\u00f1a como becario para curar el m\u00e1ster universitario en Protecci\u00f3n Internacional de los Derechos Humanos. La jornada acad\u00e9mica es organizada por la universidad de Alcal\u00e1 y tendr\u00e1 lugar en Madrid. La edici\u00f3n 12 del curso estar\u00e1 dividida en m\u00f3dulos presenciales, &hellip;<\/p>\n","protected":false},"author":1,"featured_media":25189,"comment_status":"open","ping_status":"open","sticky":false,"template":"","format":"standard","meta":{"footnotes":""},"categories":[45,168],"tags":[2324,2375,2089],"class_list":["post-25188","post","type-post","status-publish","format-standard","has-post-thumbnail","hentry","category-destacado","category-los-que-estan-afuera","tag-cucutenos-en-el-mundo","tag-defensoria-del-pueblo","tag-desde-afuera"],"_links":{"self":[{"href":"https:\/\/contraluzcucuta.co\/index.php?rest_route=\/wp\/v2\/posts\/25188","targetHints":{"allow":["GET"]}}],"collection":[{"href":"https:\/\/contraluzcucuta.co\/index.php?rest_route=\/wp\/v2\/posts"}],"about":[{"href":"https:\/\/contraluzcucuta.co\/index.php?rest_route=\/wp\/v2\/types\/post"}],"author":[{"embeddable":true,"href":"https:\/\/contraluzcucuta.co\/index.php?rest_route=\/wp\/v2\/users\/1"}],"replies":[{"embeddable":true,"href":"https:\/\/contraluzcucuta.co\/index.php?rest_route=%2Fwp%2Fv2%2Fcomments&post=25188"}],"version-history":[{"count":1,"href":"https:\/\/contraluzcucuta.co\/index.php?rest_route=\/wp\/v2\/posts\/25188\/revisions"}],"predecessor-version":[{"id":25190,"href":"https:\/\/contraluzcucuta.co\/index.php?rest_route=\/wp\/v2\/posts\/25188\/revisions\/25190"}],"wp:featuredmedia":[{"embeddable":true,"href":"https:\/\/contraluzcucuta.co\/index.php?rest_route=\/wp\/v2\/media\/25189"}],"wp:attachment":[{"href":"https:\/\/contraluzcucuta.co\/index.php?rest_route=%2Fwp%2Fv2%2Fmedia&parent=25188"}],"wp:term":[{"taxonomy":"category","embeddable":true,"href":"https:\/\/contraluzcucuta.co\/index.php?rest_route=%2Fwp%2Fv2%2Fcategories&post=25188"},{"taxonomy":"post_tag","embeddable":true,"href":"https:\/\/contraluzcucuta.co\/index.php?rest_route=%2Fwp%2Fv2%2Ftags&post=25188"}],"curies":[{"name":"wp","href":"https:\/\/api.w.org\/{rel}","templated":true}]}}