{"id":25185,"date":"2015-09-20T19:30:03","date_gmt":"2015-09-21T00:30:03","guid":{"rendered":"http:\/\/contraluzcucuta.co\/?p=25185"},"modified":"2015-10-01T14:25:19","modified_gmt":"2015-10-01T19:25:19","slug":"elecciones-2015-consejo-nacional-electoral-llama-a-audiencia-a-12-candidatos","status":"publish","type":"post","link":"https:\/\/contraluzcucuta.co\/?p=25185","title":{"rendered":"ELECCIONES 2015. Consejo Nacional Electoral llama a audiencia a 12 candidatos"},"content":{"rendered":"<p>El Consejo Nacional Electoral convoc\u00f3 a \u00a0audiencia p\u00fablica de adopci\u00f3n\u00a0 y notificaci\u00f3n de decisiones relacionadas con revocatoria de inscripci\u00f3n de 12 candidatos a cargos y corporaciones en Norte de Santander para las elecciones del 25 de octubre, informaron el presidente y vicepresidente de la corporaci\u00f3n Emiliano Rivera y Felipe Garc\u00eda.<\/p>\n<p>La audiencia con los 227 candidatos de diferentes regiones del pa\u00eds se cumplir\u00e1 el 21 de septiembre, a las 3:00 de la tarde, \u00a0en el auditorio del CNE, en Bogot\u00e1. Los llamados podr\u00e1n ejercer el derecho de contradicci\u00f3n mediante la interposici\u00f3n del recurso de reposici\u00f3n.<\/p>\n<p>La relaci\u00f3n de los candidatos en Norte de Santander es la siguiente:<\/p>\n<p>1.- William Villamizar Laguado. Gobernaci\u00f3n de Norte de Santander por el partido Social de Unidad Nacional.<\/p>\n<p>2.- Iv\u00e1n Andr\u00e9s\u00a0\u00a0\u00a0\u00a0\u00a0 D\u00edaz Salcedo. Asamblea\u00a0 de Norte de Santander por la Alianza Social Independiente (ASI).<\/p>\n<p>3.- John Fredy Moreno S\u00e1nchez. Concejo de C\u00facuta por el partido Opci\u00f3n Ciudadana.<\/p>\n<p>4.- Jos\u00e9 Tarcisio Celis Rinc\u00f3n. Alcald\u00eda de Gramalote por el Partido Conservador.<\/p>\n<p>5.- Carlos Alfonso Sandoval Torres. Concejo de Pamplona por el Partido Liberal Colombiano.<\/p>\n<p>6.- N\u00e9stor Daniel Vega Maldonado. Concejo de Villa del Rosario por el Partido Liberal Colombiano.<\/p>\n<p>7.- Luis Abelardo M\u00e1rquez Rubio. Concejo de Chin\u00e1cota por el movimiento Desarrollo Tur\u00edstico.<\/p>\n<p>8.- Daniel Montoya Reyes. Concejo de Tib\u00fa por el Polo Democr\u00e1tico Alternativo.<\/p>\n<p>9.- Jhon Geiner Herrera M\u00e1rquez. Concejo de Hacar\u00ed por el Movimiento Alternativo Ind\u00edgena y Social (Mais).<\/p>\n<p>10.- Nain Antonio Boh\u00f3rquez Gguerrero. Concejo de Teorama por el Partido Liberal Colombiano.<\/p>\n<p>11.- Luis Alfonso\u00a0\u00a0\u00a0 Ortiz Mendoza. Concejo de Toledo por el Partido Social de Unidad Nacional<\/p>\n<p>12.- V\u00edctor\u00a0\u00a0 Alfonso Celis Granados. Concejo de Ragonvalia por el partido Opci\u00f3n Ciudadana.<\/p>\n<p>Foto: FABIO LEAL <\/p>\n","protected":false},"excerpt":{"rendered":"<p>El Consejo Nacional Electoral convoc\u00f3 a \u00a0audiencia p\u00fablica de adopci\u00f3n\u00a0 y notificaci\u00f3n de decisiones relacionadas con revocatoria de inscripci\u00f3n de 12 candidatos a cargos y corporaciones en Norte de Santander para las elecciones del 25 de octubre, informaron el presidente y vicepresidente de la corporaci\u00f3n Emiliano Rivera y Felipe Garc\u00eda. La audiencia con los 227 &hellip;<\/p>\n","protected":false},"author":1,"featured_media":25186,"comment_status":"open","ping_status":"open","sticky":false,"template":"","format":"standard","meta":{"footnotes":""},"categories":[1],"tags":[2333,2058],"class_list":["post-25185","post","type-post","status-publish","format-standard","has-post-thumbnail","hentry","category-sin-categoria","tag-candidato-a-la-gobernacion","tag-elecciones-2015"],"_links":{"self":[{"href":"https:\/\/contraluzcucuta.co\/index.php?rest_route=\/wp\/v2\/posts\/25185","targetHints":{"allow":["GET"]}}],"collection":[{"href":"https:\/\/contraluzcucuta.co\/index.php?rest_route=\/wp\/v2\/posts"}],"about":[{"href":"https:\/\/contraluzcucuta.co\/index.php?rest_route=\/wp\/v2\/types\/post"}],"author":[{"embeddable":true,"href":"https:\/\/contraluzcucuta.co\/index.php?rest_route=\/wp\/v2\/users\/1"}],"replies":[{"embeddable":true,"href":"https:\/\/contraluzcucuta.co\/index.php?rest_route=%2Fwp%2Fv2%2Fcomments&post=25185"}],"version-history":[{"count":1,"href":"https:\/\/contraluzcucuta.co\/index.php?rest_route=\/wp\/v2\/posts\/25185\/revisions"}],"predecessor-version":[{"id":25187,"href":"https:\/\/contraluzcucuta.co\/index.php?rest_route=\/wp\/v2\/posts\/25185\/revisions\/25187"}],"wp:featuredmedia":[{"embeddable":true,"href":"https:\/\/contraluzcucuta.co\/index.php?rest_route=\/wp\/v2\/media\/25186"}],"wp:attachment":[{"href":"https:\/\/contraluzcucuta.co\/index.php?rest_route=%2Fwp%2Fv2%2Fmedia&parent=25185"}],"wp:term":[{"taxonomy":"category","embeddable":true,"href":"https:\/\/contraluzcucuta.co\/index.php?rest_route=%2Fwp%2Fv2%2Fcategories&post=25185"},{"taxonomy":"post_tag","embeddable":true,"href":"https:\/\/contraluzcucuta.co\/index.php?rest_route=%2Fwp%2Fv2%2Ftags&post=25185"}],"curies":[{"name":"wp","href":"https:\/\/api.w.org\/{rel}","templated":true}]}}