{"id":25182,"date":"2015-09-19T10:14:30","date_gmt":"2015-09-19T15:14:30","guid":{"rendered":"http:\/\/contraluzcucuta.co\/?p=25182"},"modified":"2015-09-24T22:43:18","modified_gmt":"2015-09-25T03:43:18","slug":"notas-al-margen-estamos-aprovechando-la-oportunidad-hacia-la-trasformacion","status":"publish","type":"post","link":"https:\/\/contraluzcucuta.co\/?p=25182","title":{"rendered":"NOTAS AL MARGEN. \u00bfEstamos aprovechando la oportunidad hacia la trasformaci\u00f3n?"},"content":{"rendered":"<p>1.- En los momentos de crisis y de convulsi\u00f3n\u00a0 &#8211; cuando surgen los temores, pero tambi\u00e9n se insin\u00faan las soluciones y la valoraci\u00f3n de perspectivas \u2013 es cuando, igualmente, irrumpen l\u00edderes y gu\u00edas que orientan y conducen a la colectividad sobre los pasos m\u00e1s convenientes y las acciones y las conductas m\u00e1s procedentes hacia las tareas que exigen m\u00e1s solidaridad de voluntades Y de perseverancia. Como lo que experimentamos es una crisis vale preguntar \u00bfSe ha convocado al sector privado para conocer sus impresiones y sugerencias? \u00bfHay unidad de criterios en la clara exposici\u00f3n de criterios y alternativas?<\/p>\n<p>2.- Y si esto hay que lograrlo en lo nuestro, o sea en el alero colombiano, \u00bfCon qui\u00e9nes, del alero venezolano y del sector privado paralelo, se ha dialogado? \u00bfQu\u00e9 tem\u00e1ticas se han propuesto y evaluado?\u00a0 \u00bfHay entendimientos y situaciones o hechos concretos aceptados por las autoridades de una y otra parte de la relaci\u00f3n\u00a0 inter fronteriza? \u00bfHay \u00e1nimo cierto y constatable?<\/p>\n<p>3.- \u00bfPor qu\u00e9 formulamos estos interrogantes?\u00a0 Porque este momento no puede, ni debe ser de silencios\u00a0 y menos\u00a0 de complicidades negativas, que no permitan la divulgaci\u00f3n de lo que se hace o intenta, porque lo que se espera, con esp\u00edritu sano y de convivencia y mancomunidad fraternal \u2013como es el caso de nuestra frontera, donde vivimos y actuamos \u2013 es el concertar empe\u00f1os emprendedores, para buscar y promover un cambio y con el mayor y mejor desarrollo generador de empleos e impulsor de inversiones e innovaciones progresistas\u00a0 y trasformadoras.<\/p>\n<p>Adem\u00e1s, para reconocer y aceptar que a nivel de grupo social y de estamentos que dan cuerpo y vivencia a una regi\u00f3n nos falta una mayor cohesi\u00f3n, no solo en los prop\u00f3sitos, motivos y retos por cumplir, sino en la consistencia y fortaleza de las tareas que bilateralmente debemos cumplir, porque una relaci\u00f3n fronteriza no es lo que haga un lado, sino lo que conformen los dos componentes, as\u00ed existan diferenciaciones pol\u00edticas, porque lo b\u00e1sico e importante en casos como lo eminentemente fronterizo es que la interrelaci\u00f3n y mancomunidad de intereses sea seria, aut\u00e9ntica y emprendedora, en los principios tutelares de mutuo apoyo y beneficios compartidos que definen y determinan la vida fronteriza, que no es nunca del predominio de un\u00a0 lado y de la dependencia del otro.<\/p>\n<p>El que Venezuela haya hecho o est\u00e9 tratando de hacer un giro hacia el socialismo no significa que no pueda hacer una integraci\u00f3n e interrelaci\u00f3n respetuosa en la diferenciaci\u00f3n y trabajando con libertad y decisi\u00f3n en el progreso individual y colectivo.<\/p>\n<p>Por eso, el manejo y las disyuntivas de evoluci\u00f3n en una zona fronteriza como la nuestra, exige un trato inteligente. Y, una valoraci\u00f3n de realidades que permita comprender que solo mediante la solidaridad y uni\u00f3n compartida y participativa de las sociedades\u00a0 que se acercan y compenetran se le puede dar vigencia a la descentralizaci\u00f3n administrativa y a una ejemplarizante representatividad ejecutora de labores mutuas, as\u00ed como a\u00a0 la\u00a0 convocatoria de los m\u00e1s capaces y honestos, no solo en la defensa y la protecci\u00f3n de las mercanc\u00edas y de las demandas y ofertas, sino de los derechos de uso y de los que regulan los acuerdos y pactos entre los dos Estados, en sus incentivos, est\u00edmulos y mecanismos permanentes, que conformen las pol\u00edticas que deben emanar de las fuentes de poder, en cada lado de estas fajas territoriales, de naturaleza y caracter\u00edsticas\u00a0 especiales. Y, muy distintas, a las \u00e1reas centrales de uno y otro pa\u00eds.<\/p>\n<p><strong>JOS\u00c9 NEIRA REY<\/strong><\/p>\n<p><strong><a href=\"mailto:jneirarey@hotmail.com\">jneirarey@hotmail.com<\/a><\/strong><\/p>\n<p><strong>Foto:\u00a0veonoticia.com <\/strong><\/p>\n<p>&nbsp; <\/p>\n","protected":false},"excerpt":{"rendered":"<p>1.- En los momentos de crisis y de convulsi\u00f3n\u00a0 &#8211; cuando surgen los temores, pero tambi\u00e9n se insin\u00faan las soluciones y la valoraci\u00f3n de perspectivas \u2013 es cuando, igualmente, irrumpen l\u00edderes y gu\u00edas que orientan y conducen a la colectividad sobre los pasos m\u00e1s convenientes y las acciones y las conductas m\u00e1s procedentes hacia las &hellip;<\/p>\n","protected":false},"author":1,"featured_media":25183,"comment_status":"open","ping_status":"open","sticky":false,"template":"","format":"standard","meta":{"footnotes":""},"categories":[14,32],"tags":[2483,2481,382,956],"class_list":["post-25182","post","type-post","status-publish","format-standard","has-post-thumbnail","hentry","category-articulistas","category-recorrido-por-la-region","tag-crisis-en-la-frontera","tag-deportados-desde-venezuela","tag-jose-neira","tag-notas-al-margen"],"_links":{"self":[{"href":"https:\/\/contraluzcucuta.co\/index.php?rest_route=\/wp\/v2\/posts\/25182","targetHints":{"allow":["GET"]}}],"collection":[{"href":"https:\/\/contraluzcucuta.co\/index.php?rest_route=\/wp\/v2\/posts"}],"about":[{"href":"https:\/\/contraluzcucuta.co\/index.php?rest_route=\/wp\/v2\/types\/post"}],"author":[{"embeddable":true,"href":"https:\/\/contraluzcucuta.co\/index.php?rest_route=\/wp\/v2\/users\/1"}],"replies":[{"embeddable":true,"href":"https:\/\/contraluzcucuta.co\/index.php?rest_route=%2Fwp%2Fv2%2Fcomments&post=25182"}],"version-history":[{"count":1,"href":"https:\/\/contraluzcucuta.co\/index.php?rest_route=\/wp\/v2\/posts\/25182\/revisions"}],"predecessor-version":[{"id":25184,"href":"https:\/\/contraluzcucuta.co\/index.php?rest_route=\/wp\/v2\/posts\/25182\/revisions\/25184"}],"wp:featuredmedia":[{"embeddable":true,"href":"https:\/\/contraluzcucuta.co\/index.php?rest_route=\/wp\/v2\/media\/25183"}],"wp:attachment":[{"href":"https:\/\/contraluzcucuta.co\/index.php?rest_route=%2Fwp%2Fv2%2Fmedia&parent=25182"}],"wp:term":[{"taxonomy":"category","embeddable":true,"href":"https:\/\/contraluzcucuta.co\/index.php?rest_route=%2Fwp%2Fv2%2Fcategories&post=25182"},{"taxonomy":"post_tag","embeddable":true,"href":"https:\/\/contraluzcucuta.co\/index.php?rest_route=%2Fwp%2Fv2%2Ftags&post=25182"}],"curies":[{"name":"wp","href":"https:\/\/api.w.org\/{rel}","templated":true}]}}