{"id":25171,"date":"2015-09-19T07:56:43","date_gmt":"2015-09-19T12:56:43","guid":{"rendered":"http:\/\/contraluzcucuta.co\/?p=25171"},"modified":"2015-09-26T17:03:18","modified_gmt":"2015-09-26T22:03:18","slug":"candidata-a-la-gobernacion-no-represento-a-ningun-partido-tradicional-y-corrupto","status":"publish","type":"post","link":"https:\/\/contraluzcucuta.co\/?p=25171","title":{"rendered":"CANDIDATA A LA GOBERNACI\u00d3N. \u00a0\u201cNo represento a ning\u00fan partido tradicional y corrupto\u201d"},"content":{"rendered":"<p><strong>OCA\u00d1A \u2013 Norte de Santander.-<\/strong> La candidata a la gobernaci\u00f3n Judith Maldonado Mojica particip\u00f3, esta semana, en el debate programado en Oca\u00f1a para conocer los puntos vitales de los programas de gobierno acerca de esa regi\u00f3n de Norte de Santander y El Catatumbo. Comparti\u00f3 mesa con los aspirantes\u00a0 Juan Carlos Garc\u00eda-Herreros, Ram\u00f3n El\u00ed T\u00e1mara y Milla Romero.<\/p>\n<p><strong>\u00bfPor qu\u00e9 la regi\u00f3n de El Catatumbo y Oca\u00f1a deben votar por usted y no por cualquiera de los otros candidatos?<\/strong><\/p>\n<p>Porque conozco, me duele y me ha preocupado trabajar en la defensa y en la exigibilidad de los derechos de estas comunidades de la regi\u00f3n. Las necesidades que tiene la provincia han sido recogidas en el di\u00e1logo social y en nuestro programa de gobierno.<\/p>\n<p><strong>\u00bfEn su gobierno que estrategias implementar\u00eda para mejorar los servicios del Hospital Regional Emiro Quintero Ca\u00f1izales y de los hospitales de nivel 1 o baja complejidad de la regi\u00f3n?<\/strong><\/p>\n<p>Recorrimos todos los municipios e hicimos di\u00e1logo social para construir las propuestas. Nuestro compromiso relacionado con este tema est\u00e1 en el primer eje que hemos llamado \u2018Justicia y Equidad Social para el Campo y la Ciudad\u2019. Lo primero que hay que hacer es infraestructura para el acceso a derechos y hacer una inversi\u00f3n importante en la cualificaci\u00f3n profesional. En relaci\u00f3n con el Hospital Emiro Quintero Ca\u00f1izares esperamos desde la gobernaci\u00f3n hacer una fuerte inversi\u00f3n para que el nivel de atenci\u00f3n aumente con la contrataci\u00f3n de personal, el mejoramiento y adecuaci\u00f3n de equipos y la regionalizaci\u00f3n para garantizar la prestaci\u00f3n de servicios en salud.<\/p>\n<p><strong>\u00bfC\u00f3mo van a poner en cintura a las EPS que cubren el sistema de salud subsidiado en el departamento y que reciben recursos p\u00fablicos de la secretar\u00eda de Salud?<\/strong><\/p>\n<p>Hay 4181 instituciones prestadoras de salud, de las cuales casi el 67 % son privadas, por supuesto esas instituciones prestadoras y EPS son las cl\u00ednicas, los hospitales, los laboratorios. Gracias en sus or\u00edgenes a senadores hoy del Centro Democr\u00e1tico la salud es un negocio, dej\u00f3 de ser un derecho para ser un negocio. Esperamos invertir de manera contundente esa pr\u00e1ctica. Nuestra propuesta es que vamos a conformar una EPS p\u00fablica departamental.<\/p>\n<p><strong>\u00bfSe compromete usted con Oca\u00f1a y el Catatumbo a que al finalizar su gobierno la regi\u00f3n tendr\u00e1 un hospital de tercer nivel funcionando de manera eficiente funcionando con recursos y personal capacitado?<\/strong><\/p>\n<p>S\u00ed me comprometo y est\u00e1 en nuestro programa de gobierno, no est\u00e1 en el de ninguno de los otros.<\/p>\n<p><strong>\u00bfC\u00f3mo garantizar\u00e1 la contrataci\u00f3n oportuna y permanente de los docentes para las instituciones educativas de los municipios de la regi\u00f3n y especialmente para las instituciones educativas rurales que tienen que esperar 3 o 3 meses para \u00a0que\u00a0 efectivamente se haga la contrataci\u00f3n de los docentes y esto ocasiona un retraso considerable en la actividad escolar y obviamente en el desempe\u00f1o docente?<\/strong><\/p>\n<p>Dentro de nuestro programa de gobierno la educaci\u00f3n es uno de los ejes centrales. Uno de los problemas m\u00e1s graves, aparte de que este departamento no es productivo y no genera empleo, es que quienes lo han mal gobernado durante d\u00e9cadas nos lo han entregado en las peores condiciones de salud. En educaci\u00f3n tenemos los \u00edndices de analfabetismo m\u00e1s altos de la media nacional, tenemos apenas 229 instituciones p\u00fablico-educativas para atender una demanda de casi 500.000 ni\u00f1os y j\u00f3venes. \u00bfQui\u00e9nes nos educan a los nortesantandereanos? El 63 % de los docentes son bachilleres, es decir no hay acceso, no hay permanencia, no hay cobertura, no hay calidad. Nos estamos comprometiendo en el programa de gobierno en el eje que hemos llamado \u2018Humanismo y Construcci\u00f3n para la Paz\u2019, que el pilar fundamental es el acceso al derecho a la educaci\u00f3n.<\/p>\n<p><strong>\u00bfCu\u00e1l es su propuesta para construir un modelo educativo pertinente desde la Gobernaci\u00f3n, para la regi\u00f3n de Catatumbo y la provincia de Oca\u00f1a?<\/strong><\/p>\n<p>Estamos proponiendo \u00a0el acceso y la garant\u00eda al derecho de educaci\u00f3n. El modelo debe ser integral. Nuestro modelo educativo est\u00e1 dirigido a la construcci\u00f3n de paz con un enfoque en que los ciudadanos j\u00f3venes y ni\u00f1os puedan avanzar en formaci\u00f3n en democracia, derechos humanos y paz. Ese es el motor que puede transformar una regi\u00f3n.<\/p>\n<p><strong>M: \u00bfAl finalizar su gesti\u00f3n como gobernante, garantiza que cada uno de los municipios de la provincia de Oca\u00f1a y de la regi\u00f3n de El Catatumbo estar\u00edan certificados para que aut\u00f3noma y responsablemente manejen los recursos de tal manera que la contrataci\u00f3n de maestros se haga bajo la responsabilidad del ente territorial municipal y no mediante una gesti\u00f3n de la Gobernaci\u00f3n? \u00bfS\u00ed o no se compromete a apoyar, gestionar la certificaci\u00f3n en educaci\u00f3n de los municipios de la regi\u00f3n?<\/strong><\/p>\n<p>Los municipios de Norte de Santander, excepto C\u00facuta, y especialmente El<\/p>\n<p>Catatumbo no est\u00e1 certificado, por eso esa maquinaria burocr\u00e1tica y de corrupci\u00f3n funciona tan bien. La Gobernaci\u00f3n es la que se encarga de nombrar a todos los docentes por contrataci\u00f3n, por supuesto ese es un paquete burocr\u00e1tico que nadie quiere desechar. Nos comprometemos a acompa\u00f1ar el esfuerzo de todos y cada uno de los municipios que quieran hacerlo porque hay que romper con ese centralismo y esa corrupci\u00f3n<\/p>\n<p><strong>\u00bfSi usted es gobernadora que porcentaje de mujeres va a estar en su gabinete?<\/strong><\/p>\n<p>En el departamento la mayor\u00eda son mujeres (51,4 %). En ciertas edades es mucho m\u00e1s alto. Creo que la mujer dentro de nuestro programa tiene una pol\u00edtica de lucha contra la discriminaci\u00f3n hist\u00f3rica, pero si lo quiere poner en t\u00e9rminos matem\u00e1ticos vamos a llegar, en promedio de contrataci\u00f3n por la edad de 25 a 45 a\u00f1os est\u00e1 por el orden del 57 %<\/p>\n<p><strong>\u00bfCu\u00e1l ser\u00eda su plan para Oca\u00f1a y El Catatumbo c\u00f3mo subregi\u00f3n clave para la implementaci\u00f3n de los acuerdos de paz?<\/strong><\/p>\n<p>Me preocupa que, como lo he dicho, all\u00e1 (en La Habana) s\u00f3lo est\u00e1 uno de los actores armados que hace presencia en Norte de Santander y El Catatumbo. No podemos aspirar a un escenario completamente de posconflicto cuando est\u00e1n el Epl, el Eln y estructuras paramilitares. Eso nos marca una complejidad. Frente a los acuerdos, hay temas claves:<\/p>\n<p>1.- El agrario, propuestas para garantizar el acceso y el desarrollo de la econom\u00eda campesina a la tierra.<\/p>\n<p>2.- Cultivos il\u00edcitos y el narcotr\u00e1fico, hay que acompa\u00f1ar los esfuerzos por ese desmonte gradual, voluntario y concertado de los cultivos de uso il\u00edcito.<\/p>\n<p>3.- Las v\u00edctimas, no le vamos a jugar como lo hicieron en otros gobiernos a la impunidad frente a los grupos paramilitares, hay que hacer enormes esfuerzos de lucha y garantizar el acceso y el restablecimiento de los derechos de las v\u00edctimas.<\/p>\n<p>4.- La participaci\u00f3n pol\u00edtica. Norte de Santander tiene la obligaci\u00f3n \u00e9tica, pol\u00edtica, mora, social y econ\u00f3mica de acompa\u00f1ar los esfuerzos si queremos superar estructuralmente las causas de la violencia.<\/p>\n<p><strong>\u00bfCu\u00e1les son las medidas que usted implementar\u00eda para el proceso de sustituci\u00f3n de cultivos? \u00bfQu\u00e9 plantea usted en su programa de gobierno en materia de \u00a0responder al contexto agr\u00edcola de econom\u00eda campesina que pueda al mismo tiempo ofrecernos alternativas desde su propuesta pol\u00edtica al tema de los cultivos il\u00edcitos?<\/strong><\/p>\n<p>Dentro de nuestro programa de gobierno hay un eje que se llama \u2018Desarrollo Agrario Integral Alternativo y Sostenible\u2019. Desde el departamento no se da ning\u00fan apoyo a la producci\u00f3n de alimentos. Estamos proponiendo no dar cr\u00e9ditos, porque eso es endeudar al campo; dar subsidios, que es un est\u00edmulo a la producci\u00f3n; \u00a0confirmaci\u00f3n de centros de acopio, para comprar el producto a precio justo a los campesinos; la red comercializadora y los mercados campesinos, para que las ciudades puedan comprar a precio justo.<\/p>\n<p><strong>\u00bfCu\u00e1l es la pol\u00edtica p\u00fablica que propondr\u00edan para atender a los hijos y las madres v\u00edctimas del conflicto, teniendo en cuenta a los hijos y madres hijos de insurgentes asesinados?<\/strong><\/p>\n<p>Eso es casi la cuarta parte de la poblaci\u00f3n en Norte de Santander. Aqu\u00ed hay casi 280.000 v\u00edctimas registradas. Desde la Gobernaci\u00f3n, como entidad territorial, tenemos \u00a0dentro del programa de gobierno \u2018Humanismo y Construcci\u00f3n para la Paz\u2019 programas de acceso a la justicia y programas de restablecimiento de derechos como uno de los componentes m\u00e1s fuertes.<\/p>\n<p><strong>\u00bfPor qu\u00e9 votar por Judith Maldonado Mojica?<\/strong><\/p>\n<p>Lo resumir\u00eda en 3 razones:<\/p>\n<p>1.- Nuestro programa de gobierno s\u00ed se construy\u00f3 de manera participativa en di\u00e1logo social con 11 sectores y todos los municipios, 169 p\u00e1ginas, 6 ejes program\u00e1ticos identificando claramente acciones, programas y haci\u00e9ndolo realizable y viable por supuesto con los recursos.<\/p>\n<p>2.- Ninguno de los otros candidatos tiene un perfil social y comprometido con la defensa de los derechos humanos, por eso mi lema \u2018Yo s\u00ed los conozco\u2019. Conozco las dif\u00edciles situaciones, el dolor y los problemas de los nortesantandereanos.<\/p>\n<p>3.- No represento a ning\u00fan partido tradicional y corrupto. No represento esa clase pol\u00edtica.<\/p>\n<p><strong>Foto: PRENSA DE LA CAMPA\u00d1A <\/strong><\/p>\n<p>&nbsp; <\/p>\n","protected":false},"excerpt":{"rendered":"<p>OCA\u00d1A \u2013 Norte de Santander.- La candidata a la gobernaci\u00f3n Judith Maldonado Mojica particip\u00f3, esta semana, en el debate programado en Oca\u00f1a para conocer los puntos vitales de los programas de gobierno acerca de esa regi\u00f3n de Norte de Santander y El Catatumbo. Comparti\u00f3 mesa con los aspirantes\u00a0 Juan Carlos Garc\u00eda-Herreros, Ram\u00f3n El\u00ed T\u00e1mara y &hellip;<\/p>\n","protected":false},"author":1,"featured_media":25172,"comment_status":"open","ping_status":"open","sticky":false,"template":"","format":"standard","meta":{"footnotes":""},"categories":[1],"tags":[2205,2058,2378],"class_list":["post-25171","post","type-post","status-publish","format-standard","has-post-thumbnail","hentry","category-sin-categoria","tag-candidata-a-la-gobernacion","tag-elecciones-2015","tag-judith-maldonado-mojica"],"_links":{"self":[{"href":"https:\/\/contraluzcucuta.co\/index.php?rest_route=\/wp\/v2\/posts\/25171","targetHints":{"allow":["GET"]}}],"collection":[{"href":"https:\/\/contraluzcucuta.co\/index.php?rest_route=\/wp\/v2\/posts"}],"about":[{"href":"https:\/\/contraluzcucuta.co\/index.php?rest_route=\/wp\/v2\/types\/post"}],"author":[{"embeddable":true,"href":"https:\/\/contraluzcucuta.co\/index.php?rest_route=\/wp\/v2\/users\/1"}],"replies":[{"embeddable":true,"href":"https:\/\/contraluzcucuta.co\/index.php?rest_route=%2Fwp%2Fv2%2Fcomments&post=25171"}],"version-history":[{"count":1,"href":"https:\/\/contraluzcucuta.co\/index.php?rest_route=\/wp\/v2\/posts\/25171\/revisions"}],"predecessor-version":[{"id":25173,"href":"https:\/\/contraluzcucuta.co\/index.php?rest_route=\/wp\/v2\/posts\/25171\/revisions\/25173"}],"wp:featuredmedia":[{"embeddable":true,"href":"https:\/\/contraluzcucuta.co\/index.php?rest_route=\/wp\/v2\/media\/25172"}],"wp:attachment":[{"href":"https:\/\/contraluzcucuta.co\/index.php?rest_route=%2Fwp%2Fv2%2Fmedia&parent=25171"}],"wp:term":[{"taxonomy":"category","embeddable":true,"href":"https:\/\/contraluzcucuta.co\/index.php?rest_route=%2Fwp%2Fv2%2Fcategories&post=25171"},{"taxonomy":"post_tag","embeddable":true,"href":"https:\/\/contraluzcucuta.co\/index.php?rest_route=%2Fwp%2Fv2%2Ftags&post=25171"}],"curies":[{"name":"wp","href":"https:\/\/api.w.org\/{rel}","templated":true}]}}