{"id":25160,"date":"2015-09-17T21:29:47","date_gmt":"2015-09-18T02:29:47","guid":{"rendered":"http:\/\/contraluzcucuta.co\/?p=25160"},"modified":"2015-09-17T21:29:47","modified_gmt":"2015-09-18T02:29:47","slug":"aguas-kpital-corte-del-servicio-dia-de-la-bicicleta-y-velada-cultural","status":"publish","type":"post","link":"https:\/\/contraluzcucuta.co\/?p=25160","title":{"rendered":"AGUAS KPITAL. Corte del servicio, D\u00eda de la Bicicleta y velada cultural"},"content":{"rendered":"<p><strong>C\u00daCUTA.-<\/strong> \u00a0La empresa Aguas Kpital program\u00f3 para este 18 de septiembre, entre las 7:00 de la ma\u00f1ana y las 12:00 de la noche, la conexi\u00f3n de las tuber\u00edas remplazadas en la zona centro y el barrio La Merced.<\/p>\n<p>Los barrios afectados ser\u00e1n Blanco, El Rosal, Los Caobos, La Playa, El P\u00e1ramo, El Contento (parte baja), El Centro, El Llano, Latino, La Sexta, El Callej\u00f3n, La Merced y Pescadero-Colpet hasta la calle 4N.<\/p>\n<p>Los habitantes de los sectores incluidos deber\u00e1n tomar medidas de aprovisionamiento del l\u00edquido para que cubran las horas en las que no haya servicio, mientras se desarrollan las labores.<\/p>\n<p>Los trabajos hacen parte del acompa\u00f1amiento de Aguas Kpital C\u00facuta S.A. ESP al programa de pavimentaci\u00f3n adelantado por la Alcald\u00eda.<\/p>\n<p><strong>D\u00cdA DE LA BICICLETA<\/strong><\/p>\n<p>En medio del cumplimiento de las estrategias que ejecuta la empresa para promover una mejor ciudad y mejores condiciones de vida para los cucute\u00f1os, se llev\u00f3 a cabo el d\u00eda de la bicicleta en la sede del edificio San Jos\u00e9.<\/p>\n<p>Para incentivar el ciclismo urbano entre los colaboradores se desarroll\u00f3 la jornada para generar el cambio en la movilidad y contribuir a la disminuci\u00f3n de la contaminaci\u00f3n producida por los automotores. Al tiempo que se\u00a0 promueven h\u00e1bitos de vida saludables. El parqueadero del edificio estuvo dispuesto solo para para bicicletas y motos, no se permiti\u00f3 el acceso de autom\u00f3viles.<\/p>\n<p>Los trabajadores llegaron en bicicleta, dispuestos a iniciar la jornada con una actitud positiva. El gerente general Hugo Vergel dio ejemplo de este estilo de vida. En lo posible se dispondr\u00e1 de un d\u00eda de la bicicleta al mes. La empresa busca motivar a la comunidad cucute\u00f1a a implementar este medio de trasporte amigable con el ambiente.<\/p>\n<p><strong>VELADA CULTUAL<\/strong><\/p>\n<p>La velada cultural de los viernes tendr\u00e1 un toque especial por la celebraci\u00f3n del D\u00eda del Amor y la Amistad. Ser\u00e1 el encuentro perfecto para la uni\u00f3n de la comunidad y enriquecer las relaciones con los seres queridos.<\/p>\n<p>La actividad ser\u00e1 amenizada por el grupo Tambor\u00e9, que se ha dado a conocer en la regi\u00f3n mediante las presentaciones en las principales fiestas y festivales de Norte de Santander. La presentaci\u00f3n se llevar\u00e1 a cabo en el costado oriental de la glorieta Arnulfo Brice\u00f1o, al lado del CAI de Polic\u00eda y de la pista de patinaje.<\/p>\n<p><strong>Foto: PRENSA AGUAS KPITAL<\/strong><\/p>\n<p>&nbsp; <\/p>\n","protected":false},"excerpt":{"rendered":"<p>C\u00daCUTA.- \u00a0La empresa Aguas Kpital program\u00f3 para este 18 de septiembre, entre las 7:00 de la ma\u00f1ana y las 12:00 de la noche, la conexi\u00f3n de las tuber\u00edas remplazadas en la zona centro y el barrio La Merced. Los barrios afectados ser\u00e1n Blanco, El Rosal, Los Caobos, La Playa, El P\u00e1ramo, El Contento (parte baja), &hellip;<\/p>\n","protected":false},"author":1,"featured_media":25162,"comment_status":"open","ping_status":"open","sticky":false,"template":"","format":"standard","meta":{"footnotes":""},"categories":[541,6],"tags":[1270,1460],"class_list":["post-25160","post","type-post","status-publish","format-standard","has-post-thumbnail","hentry","category-ciudad","category-ojo-avizor","tag-aguas-kpital-cucuta","tag-velada-cultural"],"_links":{"self":[{"href":"https:\/\/contraluzcucuta.co\/index.php?rest_route=\/wp\/v2\/posts\/25160","targetHints":{"allow":["GET"]}}],"collection":[{"href":"https:\/\/contraluzcucuta.co\/index.php?rest_route=\/wp\/v2\/posts"}],"about":[{"href":"https:\/\/contraluzcucuta.co\/index.php?rest_route=\/wp\/v2\/types\/post"}],"author":[{"embeddable":true,"href":"https:\/\/contraluzcucuta.co\/index.php?rest_route=\/wp\/v2\/users\/1"}],"replies":[{"embeddable":true,"href":"https:\/\/contraluzcucuta.co\/index.php?rest_route=%2Fwp%2Fv2%2Fcomments&post=25160"}],"version-history":[{"count":1,"href":"https:\/\/contraluzcucuta.co\/index.php?rest_route=\/wp\/v2\/posts\/25160\/revisions"}],"predecessor-version":[{"id":25163,"href":"https:\/\/contraluzcucuta.co\/index.php?rest_route=\/wp\/v2\/posts\/25160\/revisions\/25163"}],"wp:featuredmedia":[{"embeddable":true,"href":"https:\/\/contraluzcucuta.co\/index.php?rest_route=\/wp\/v2\/media\/25162"}],"wp:attachment":[{"href":"https:\/\/contraluzcucuta.co\/index.php?rest_route=%2Fwp%2Fv2%2Fmedia&parent=25160"}],"wp:term":[{"taxonomy":"category","embeddable":true,"href":"https:\/\/contraluzcucuta.co\/index.php?rest_route=%2Fwp%2Fv2%2Fcategories&post=25160"},{"taxonomy":"post_tag","embeddable":true,"href":"https:\/\/contraluzcucuta.co\/index.php?rest_route=%2Fwp%2Fv2%2Ftags&post=25160"}],"curies":[{"name":"wp","href":"https:\/\/api.w.org\/{rel}","templated":true}]}}