{"id":25157,"date":"2015-09-17T20:27:28","date_gmt":"2015-09-18T01:27:28","guid":{"rendered":"http:\/\/contraluzcucuta.co\/?p=25157"},"modified":"2015-10-01T14:48:57","modified_gmt":"2015-10-01T19:48:57","slug":"candidata-a-la-gobernacion-mercado-campesino-por-la-esperanza","status":"publish","type":"post","link":"https:\/\/contraluzcucuta.co\/?p=25157","title":{"rendered":"CANDIDATA A LA GOBERNACI\u00d3N. Mercado campesino por la esperanza"},"content":{"rendered":"<p><strong>C\u00daCUTA.-<\/strong> La candidata popular a la Gobernaci\u00f3n de Norte de Santander, Judith Maldonado Mojica, invit\u00f3 a la comunidad cucute\u00f1a a participar en el \u2018Mercado campesino por la esperanza\u2019. El ejercicio piloto es el primer eje consignado en el programa de gobierno \u2018Justicia y equidad social para la ciudad y el campo\u2019.<\/p>\n<p>El fin de la propuesta pol\u00edtica es eliminar la desigualdad social, superar la inequidad social, promover la productividad, generar empleo y trasformar a Norte de Santander en departamento productivo y equitativo que garantice el acceso y goce pleno de los derechos fundamentales.<\/p>\n<p>El 20 de septiembre, participar\u00e1n campesinos de Pamplona, Chitag\u00e1, Silos, Salazar, Teorama, San Calixto y Hacar\u00ed. Entre los productos que ofrecer\u00e1n destacan papa, yuca, pl\u00e1tano, cebolla cabezona, cebolla larga, duraznos, panela, curuba, mora, mazorca, granadilla, fresa, tomate de \u00e1rbol, arveja, acelga, br\u00f3coli, repollo, lechuga, papa criolla, ahuyama, pi\u00f1a, naranja, lim\u00f3n,\u00a0 queso, cuajada, papaya y aguacate.<\/p>\n<p>Entre las ventas y las ofertas habr\u00e1 actividades l\u00fadicas, culturales, art\u00edsticas y deportivas para ni\u00f1os y adultos. Los puntos de encuentro ser\u00e1n el parque Los Estoraques,\u00a0 entrada a San Fernando del Rodeo, Polideportivo Cormorales y cancha 11 de Noviembre (Los Patios), entre \u00a0las 6:00 de la ma\u00f1ana y las 12:00 del d\u00eda.<\/p>\n<p><strong>Foto: PRENSA DE LA CAMPA\u00d1A<\/strong><\/p>\n<p>&nbsp; <\/p>\n","protected":false},"excerpt":{"rendered":"<p>C\u00daCUTA.- La candidata popular a la Gobernaci\u00f3n de Norte de Santander, Judith Maldonado Mojica, invit\u00f3 a la comunidad cucute\u00f1a a participar en el \u2018Mercado campesino por la esperanza\u2019. El ejercicio piloto es el primer eje consignado en el programa de gobierno \u2018Justicia y equidad social para la ciudad y el campo\u2019. El fin de la &hellip;<\/p>\n","protected":false},"author":1,"featured_media":25158,"comment_status":"open","ping_status":"open","sticky":false,"template":"","format":"standard","meta":{"footnotes":""},"categories":[1],"tags":[2205,2378],"class_list":["post-25157","post","type-post","status-publish","format-standard","has-post-thumbnail","hentry","category-sin-categoria","tag-candidata-a-la-gobernacion","tag-judith-maldonado-mojica"],"_links":{"self":[{"href":"https:\/\/contraluzcucuta.co\/index.php?rest_route=\/wp\/v2\/posts\/25157","targetHints":{"allow":["GET"]}}],"collection":[{"href":"https:\/\/contraluzcucuta.co\/index.php?rest_route=\/wp\/v2\/posts"}],"about":[{"href":"https:\/\/contraluzcucuta.co\/index.php?rest_route=\/wp\/v2\/types\/post"}],"author":[{"embeddable":true,"href":"https:\/\/contraluzcucuta.co\/index.php?rest_route=\/wp\/v2\/users\/1"}],"replies":[{"embeddable":true,"href":"https:\/\/contraluzcucuta.co\/index.php?rest_route=%2Fwp%2Fv2%2Fcomments&post=25157"}],"version-history":[{"count":1,"href":"https:\/\/contraluzcucuta.co\/index.php?rest_route=\/wp\/v2\/posts\/25157\/revisions"}],"predecessor-version":[{"id":25159,"href":"https:\/\/contraluzcucuta.co\/index.php?rest_route=\/wp\/v2\/posts\/25157\/revisions\/25159"}],"wp:featuredmedia":[{"embeddable":true,"href":"https:\/\/contraluzcucuta.co\/index.php?rest_route=\/wp\/v2\/media\/25158"}],"wp:attachment":[{"href":"https:\/\/contraluzcucuta.co\/index.php?rest_route=%2Fwp%2Fv2%2Fmedia&parent=25157"}],"wp:term":[{"taxonomy":"category","embeddable":true,"href":"https:\/\/contraluzcucuta.co\/index.php?rest_route=%2Fwp%2Fv2%2Fcategories&post=25157"},{"taxonomy":"post_tag","embeddable":true,"href":"https:\/\/contraluzcucuta.co\/index.php?rest_route=%2Fwp%2Fv2%2Ftags&post=25157"}],"curies":[{"name":"wp","href":"https:\/\/api.w.org\/{rel}","templated":true}]}}