{"id":25111,"date":"2015-09-09T22:11:14","date_gmt":"2015-09-10T03:11:14","guid":{"rendered":"http:\/\/contraluzcucuta.co\/?p=25111"},"modified":"2015-09-13T19:10:18","modified_gmt":"2015-09-14T00:10:18","slug":"candidata-a-la-gobernacion-la-caravana-de-la-esperanza-fue-bien-recibida-en-ocana","status":"publish","type":"post","link":"https:\/\/contraluzcucuta.co\/?p=25111","title":{"rendered":"CANDIDATA A LA GOBERNACI\u00d3N. La caravana de la Esperanza fue bien recibida en Oca\u00f1a"},"content":{"rendered":"<p><strong>OCA\u00d1A.-<\/strong> Mil trescientos oca\u00f1eros recorrieron las principales calles del municipio y respaldaron a Judith Maldonado Mojica, candidata popular a la Gobernaci\u00f3n de Norte de Santander. El acto correspondi\u00f3 al lanzamiento de la campa\u00f1a.<\/p>\n<p>A la rueda de prensa con los medios locales asistieron los representantes de los partidos pol\u00edticos que han dado el aval a la candidatura popular de Maldonado Mojica. Hernando Arboleda, del Polo Democr\u00e1tico en Oca\u00f1a; Merly Gelvez, de la Uni\u00f3n Patri\u00f3tica, y Alfrey Galviz l\u00edder, de Asodepo, entregaron respuestas contundentes.<\/p>\n<p>El recorrido pas\u00f3 por plazas, calles y avenidas. La candidata Judith Maldonado Mojica,\u00a0 en la 29 de Mayo, se baj\u00f3 de la chiva en la que iba y salud\u00f3 a los oca\u00f1eros, entreg\u00e1ndoles el programa de gobierno y publicidad de la candidatura popular.<\/p>\n<p>En la tarima principal, durante el acto pol\u00edtico se rindi\u00f3 homenaje a los miles de hombres y mujeres que ofrendaron la vida y a los cuatro m\u00e1rtires de El Catatumbo. Se entonaron los himnos de Colombia y del Departamento, con vivas de los movimientos pol\u00edticos presentes.<\/p>\n<p>As\u00ed se festej\u00f3 el lanzamiento de campa\u00f1a de Maldonado Mojica candidata popular a la Gobernaci\u00f3n de Norte de Santander, abogada defensora de los Derechos Humanos.<\/p>\n<p><strong>Foto: PRENSA DE LA CAMPA\u00d1A<\/strong><\/p>\n<p>&nbsp; <\/p>\n","protected":false},"excerpt":{"rendered":"<p>OCA\u00d1A.- Mil trescientos oca\u00f1eros recorrieron las principales calles del municipio y respaldaron a Judith Maldonado Mojica, candidata popular a la Gobernaci\u00f3n de Norte de Santander. El acto correspondi\u00f3 al lanzamiento de la campa\u00f1a. A la rueda de prensa con los medios locales asistieron los representantes de los partidos pol\u00edticos que han dado el aval a &hellip;<\/p>\n","protected":false},"author":1,"featured_media":25112,"comment_status":"open","ping_status":"open","sticky":false,"template":"","format":"standard","meta":{"footnotes":""},"categories":[1],"tags":[2053,2378],"class_list":["post-25111","post","type-post","status-publish","format-standard","has-post-thumbnail","hentry","category-sin-categoria","tag-candidatos-a-la-gobernacion-de-norte-de-santander","tag-judith-maldonado-mojica"],"_links":{"self":[{"href":"https:\/\/contraluzcucuta.co\/index.php?rest_route=\/wp\/v2\/posts\/25111","targetHints":{"allow":["GET"]}}],"collection":[{"href":"https:\/\/contraluzcucuta.co\/index.php?rest_route=\/wp\/v2\/posts"}],"about":[{"href":"https:\/\/contraluzcucuta.co\/index.php?rest_route=\/wp\/v2\/types\/post"}],"author":[{"embeddable":true,"href":"https:\/\/contraluzcucuta.co\/index.php?rest_route=\/wp\/v2\/users\/1"}],"replies":[{"embeddable":true,"href":"https:\/\/contraluzcucuta.co\/index.php?rest_route=%2Fwp%2Fv2%2Fcomments&post=25111"}],"version-history":[{"count":1,"href":"https:\/\/contraluzcucuta.co\/index.php?rest_route=\/wp\/v2\/posts\/25111\/revisions"}],"predecessor-version":[{"id":25113,"href":"https:\/\/contraluzcucuta.co\/index.php?rest_route=\/wp\/v2\/posts\/25111\/revisions\/25113"}],"wp:featuredmedia":[{"embeddable":true,"href":"https:\/\/contraluzcucuta.co\/index.php?rest_route=\/wp\/v2\/media\/25112"}],"wp:attachment":[{"href":"https:\/\/contraluzcucuta.co\/index.php?rest_route=%2Fwp%2Fv2%2Fmedia&parent=25111"}],"wp:term":[{"taxonomy":"category","embeddable":true,"href":"https:\/\/contraluzcucuta.co\/index.php?rest_route=%2Fwp%2Fv2%2Fcategories&post=25111"},{"taxonomy":"post_tag","embeddable":true,"href":"https:\/\/contraluzcucuta.co\/index.php?rest_route=%2Fwp%2Fv2%2Ftags&post=25111"}],"curies":[{"name":"wp","href":"https:\/\/api.w.org\/{rel}","templated":true}]}}