{"id":25105,"date":"2015-09-09T21:36:02","date_gmt":"2015-09-10T02:36:02","guid":{"rendered":"http:\/\/contraluzcucuta.co\/?p=25105"},"modified":"2015-09-13T21:26:18","modified_gmt":"2015-09-14T02:26:18","slug":"cronica-montanas-de-gente-entre-montanas-de-problemas","status":"publish","type":"post","link":"https:\/\/contraluzcucuta.co\/?p=25105","title":{"rendered":"CR\u00d3NICA. Monta\u00f1as de gente, entre monta\u00f1as de problemas"},"content":{"rendered":"<p>A las 10:00 de la noche se apagan las luces, cesa el ruido y el ambiente se calma. El calor es, a veces, irremediable. Mientras los ni\u00f1os recargan energ\u00edas para el nuevo d\u00eda, la oscuridad se empapa de vez en cuando con el llanto vidrioso de los neonatales. Cuando las carpas se cierran, los refugiados duermen y escapan de la realidad en el albergue.<\/p>\n<p>Hombres y mujeres de las fuerzas militares colombianas velan por la seguridad de los deportados desde Venezuela, hacen rondas y hablan entre s\u00ed. Los rostros cansados reflejan que la situaci\u00f3n no solo es dif\u00edcil para los que lo perdieron todo en la frontera. Es una gran responsabilidad. La naci\u00f3n y los\u00a0 medios internacionales est\u00e1n al tanto de lo que sucede con los colombianos indocumentados desalojados desde el vecino pa\u00eds. Es m\u00e1s que trabajo.<\/p>\n<p>La vida de los deportados trascurre entre muros, acompa\u00f1ados por la Cruz Roja y funcionarios del Departamento para la Prosperidad Social y Bienestar Familiar. La nueva vida tendr\u00e1 que comenzar desde cero. En la Rep\u00fablica Bolivariana, aunque en \u2018invasiones\u2019, contaban con vivienda y enseres. All\u00e1, pod\u00edan trabajar y rebuscarse la vida como cualquier ciudadano de ese pa\u00eds. Ahora, solo les queda el recuerdo de las ruinas de los antiguos hogares, y de la vieja patria. Acompa\u00f1ados por el dolor y las l\u00e1grimas comprenden que ahora la vida ha cambiado.<\/p>\n<p><strong><em>La nueva patria.<\/em><\/strong><\/p>\n<p>Luis Enrique, de 73 a\u00f1os, fue deportado de San Antonio del T\u00e1chira. Mientras caminaba por la calle fue interceptado por la Guardia Nacional Bolivariana. A las 9:00 de la ma\u00f1ana de ese lunes decidi\u00f3 visitar a un viejo amigo que no ten\u00eda con qu\u00e9 desayunar. Le llevaba comida. Los guardias lo trasladaron a un recinto donde hab\u00eda m\u00e1s colombianos indocumentados con un destino asegurado, ser enviados de nuevo a la patria natal. De inmediato, fue rese\u00f1ado y deportado.<\/p>\n<p>Hace tres a\u00f1os, Luis tuvo un accidente de trabajo que le hizo perder un ojo. En este momento espera turno para ser operado. Adem\u00e1s, sufre una hernia abdominal que tambi\u00e9n aguarda por cirug\u00eda.<\/p>\n<p>En la frontera se escuch\u00f3 el rumor que los cientos de deportados ten\u00edan 72 horas para recoger los enseres que quedaban en las casas que no derrib\u00f3 la guarida. Luis decidi\u00f3 regresar por la trocha por su esposa Mar\u00eda del Carmen, de 63 a\u00f1os, recolectar los corotos y pasarlos por el r\u00edo T\u00e1chira. Esta tarea les cost\u00f3 un d\u00eda. Cuando lleg\u00f3 a Villa el Rosario fue instalado en un albergue temporal. Un hombre generoso, que reside cerca del hospedaje para los afectados, dej\u00f3 a Luis y a Mar\u00eda guardar las pertenencias en su vivienda.<\/p>\n<p>La situaci\u00f3n para los colombianos en la frontera antes era m\u00e1s sencilla. Nadie los molestaba, pod\u00edan ir y venir por el puente internacional Sim\u00f3n Bol\u00edvar sin documentos. Luis Enrique no vio la necesidad de tramitar la c\u00e9dula de residencia; incluso, la crey\u00f3 innecesaria. Aprendi\u00f3 una lecci\u00f3n dura, que la burocracia es un arma de doble filo y que solo un papel le puede dar existencia a una persona dentro de un territorio.<\/p>\n<p>En cuestiones de documentos, no importa a los gobiernos qui\u00e9n los necesita o no, sino qui\u00e9n los tenga, y que hombres como Luis, con 50 a\u00f1os en Venezuela, pueden perderlo todo por no portarlos. Por andar confiado.<\/p>\n<p>Estar en el albergue es complicado, Luis tiene cara de resignaci\u00f3n y mueve los lentes oscuros que le protegen los ojos. A la hora del desayuno, debido a la multitud, tiene que hacer una larga cola, de la misma manera para ba\u00f1arse y lavar la ropa. A pesar de estar agradecido con el gobierno colombiano por la ayuda brindada, se siente en una peque\u00f1a Venezuela, donde hasta el m\u00e1s m\u00ednimo servicio se gana con una fila. Los recuerdos vuelven y aparece el sabor del destierro.<\/p>\n<p>La comida se hace repetitiva y genera descontento entre los refugiados. Las grandes cantidades de alimentos donados por los solidarios, fueron retiradas del lugar, pues no se les permite cocinar. Las garant\u00edas alimenticias y sanitarias corren por cuenta de la municipalidad.<\/p>\n<p>En este albergue, El Morichal (Villa del Rosario), hay 361 refugiados de todas las edades, 171 son ni\u00f1os, 100 mujeres y 90 hombres. En d\u00edas pasados, Luis Eduardo Garz\u00f3n, ministro de Trabajo, acompa\u00f1\u00f3 a los deportados junto al director del Sena, Alfonso Prada Gil, prometi\u00e9ndoles capacitaci\u00f3n y empleo, adem\u00e1s de un subsidio de arriendo otorgado por el gobierno colombiano por tres meses. Otras familias que deseaban salir del municipio hacia el interior del pa\u00eds para asentarse all\u00ed, vieron en la visita del ministro Garz\u00f3n una soluci\u00f3n a las necesidades.<\/p>\n<p><strong><em>El d\u00eda entre monta\u00f1as.<\/em><\/strong><\/p>\n<p>A las 5:00 de la ma\u00f1ana, se levanta Mar\u00eda del Carmen y comienza la fila para ba\u00f1arse. Despu\u00e9s de la ducha, toma el tinto que les ofrecen en el albergue, para a otra cola para reclamar el desayuno. Entrega la ficha y observa de manera sigilosa si el men\u00fa ha cambiado.<\/p>\n<p>El sol calienta y los ni\u00f1os comienzan a despertar. El ruido es rey en el nuevo d\u00eda. Los miembros de la Cruz Roja empiezan las tareas, porque la salud de los deportados es una prioridad. En toldos enormes se cumplen constantes jornadas de vacunaci\u00f3n, se miden y pesan a los infantes. Las filas contin\u00faan. Estilistas del Sena esperan para cortar el cabello a quienes deseen cambiar la apariencia.<\/p>\n<p>Los ni\u00f1os corren y juegan, es el pan de todos los d\u00edas. A Luis Enrique no le resulta agradable, pues a su edad necesita tranquilidad, y en el albergue no es virtud f\u00e1cil de conseguir.<\/p>\n<p>Los deportados desde la Rep\u00fablica Bolivariana habitan en carpas verde oscuro, que se extienden en hileras por el \u00e1rea del coliseo que ha servido como refugio. Hay 72 y est\u00e1n enumeradas. En un peque\u00f1o cart\u00f3n pegado en la parte superior del toldo se especifica d\u00f3nde hay mujeres lactando, para tener en cuenta una atenci\u00f3n prioritaria.<\/p>\n<p>Hombres y mujeres duermen, est\u00e1n sentados, hablan, pasan el tiempo mientras esperan una soluci\u00f3n final a la bochornosa situaci\u00f3n a la que han sido sometidos. Desde la grader\u00eda del coliseo se ven las carpas verdes como un accidentado paisaje colombiano, se asemejan a las monta\u00f1as. Ese es su nuevo destino. Monta\u00f1as de gente, entre monta\u00f1as de problemas, esperando soluciones reales.<\/p>\n<p>En San Antonio, Luis Enrique y su esposa viv\u00edan en una invasi\u00f3n, hab\u00edan construido una vivienda. Cuando la GNB los desaloj\u00f3 tuvieron que dejar todo atr\u00e1s, amigos, vecinos. Una pregunta frecuente a los refugiados es si volver\u00edan a Venezuela. El lote que dejaron en el T\u00e1chira, dicen, cuesta 500 millones de Bol\u00edvares. Enrique, sin dudarlo, da una respuesta como r\u00e1faga. \u201cClaro que volver\u00eda\u201d.<\/p>\n<p><strong>YORDY MEDINA y JONNATHAN FUENTES<\/strong><\/p>\n<p><strong>Estudiantes de Comunicaci\u00f3n Social<\/strong><\/p>\n<p><strong>Universidad de Pamplona<\/strong><\/p>\n<p><strong>Campus de Villa del Rosario<\/strong><\/p>\n<p><strong>Foto: Especial para <a href=\"http:\/\/www.contraluzcucuta.co\">www.contraluzcucuta.co<\/a><\/strong><\/p>\n<p>&nbsp;<\/p>\n<p>&nbsp; <\/p>\n","protected":false},"excerpt":{"rendered":"<p>A las 10:00 de la noche se apagan las luces, cesa el ruido y el ambiente se calma. El calor es, a veces, irremediable. Mientras los ni\u00f1os recargan energ\u00edas para el nuevo d\u00eda, la oscuridad se empapa de vez en cuando con el llanto vidrioso de los neonatales. Cuando las carpas se cierran, los refugiados &hellip;<\/p>\n","protected":false},"author":1,"featured_media":25106,"comment_status":"open","ping_status":"open","sticky":false,"template":"","format":"standard","meta":{"footnotes":""},"categories":[7,74,10,36],"tags":[2597,2483,2487],"class_list":["post-25105","post","type-post","status-publish","format-standard","has-post-thumbnail","hentry","category-acontecimientos","category-aula-universitaria","category-cronicas","category-la-voz-del-pueblo","tag-aula-universitaria","tag-crisis-en-la-frontera","tag-deportados"],"_links":{"self":[{"href":"https:\/\/contraluzcucuta.co\/index.php?rest_route=\/wp\/v2\/posts\/25105","targetHints":{"allow":["GET"]}}],"collection":[{"href":"https:\/\/contraluzcucuta.co\/index.php?rest_route=\/wp\/v2\/posts"}],"about":[{"href":"https:\/\/contraluzcucuta.co\/index.php?rest_route=\/wp\/v2\/types\/post"}],"author":[{"embeddable":true,"href":"https:\/\/contraluzcucuta.co\/index.php?rest_route=\/wp\/v2\/users\/1"}],"replies":[{"embeddable":true,"href":"https:\/\/contraluzcucuta.co\/index.php?rest_route=%2Fwp%2Fv2%2Fcomments&post=25105"}],"version-history":[{"count":1,"href":"https:\/\/contraluzcucuta.co\/index.php?rest_route=\/wp\/v2\/posts\/25105\/revisions"}],"predecessor-version":[{"id":25107,"href":"https:\/\/contraluzcucuta.co\/index.php?rest_route=\/wp\/v2\/posts\/25105\/revisions\/25107"}],"wp:featuredmedia":[{"embeddable":true,"href":"https:\/\/contraluzcucuta.co\/index.php?rest_route=\/wp\/v2\/media\/25106"}],"wp:attachment":[{"href":"https:\/\/contraluzcucuta.co\/index.php?rest_route=%2Fwp%2Fv2%2Fmedia&parent=25105"}],"wp:term":[{"taxonomy":"category","embeddable":true,"href":"https:\/\/contraluzcucuta.co\/index.php?rest_route=%2Fwp%2Fv2%2Fcategories&post=25105"},{"taxonomy":"post_tag","embeddable":true,"href":"https:\/\/contraluzcucuta.co\/index.php?rest_route=%2Fwp%2Fv2%2Ftags&post=25105"}],"curies":[{"name":"wp","href":"https:\/\/api.w.org\/{rel}","templated":true}]}}