{"id":25101,"date":"2015-09-09T21:04:53","date_gmt":"2015-09-10T02:04:53","guid":{"rendered":"http:\/\/contraluzcucuta.co\/?p=25101"},"modified":"2015-09-13T21:34:18","modified_gmt":"2015-09-14T02:34:18","slug":"crisis-en-la-frontera-a-21-dias-del-cierre-de-la-frontera-no-hay-soluciones-a-la-vista","status":"publish","type":"post","link":"https:\/\/contraluzcucuta.co\/?p=25101","title":{"rendered":"CRISIS EN LA FRONTERA. A 21 d\u00edas del cierre de la frontera, no hay soluciones a la vista"},"content":{"rendered":"<p><strong>C\u00daCUTA.-<\/strong> Tres semanas complet\u00f3 el cierre de la frontera colombo-venezolana. La medida, ordenada desde caracas por el presidente Nicol\u00e1s Maduro, sorprendi\u00f3 a los residentes en el cord\u00f3n lim\u00edtrofe que une al estado T\u00e1chira con Norte de Santander. Cientos de ciudadanos de las dos nacionalidades quedaron atrapados a lado y lado de las barricadas instaladas por la guardia.<\/p>\n<p>El impedimento del tr\u00e1nsito de pasajeros y veh\u00edculos ha causado perjuicios a las relaciones binacionales. Las cancilleres se reunieron en Cartagena sin llegar a acuerdos concretos y los presidentes Maduro y Juan Manuel Santos est\u00e1n en posici\u00f3n de ataque verbal constante.<\/p>\n<p>Cientos de colombianos fueron desalojados en San Antonio de las pertenencias y deportados por el puente internacional \u00b4Sim\u00f3n Bol\u00edvar\u2019. En Villa del Rosario y C\u00facuta han recibido atenci\u00f3n en albergues acondicionados para garantizarles techo temporal.<\/p>\n<p>La punta de la madeja de la discordia se achaca a la presencia de paramilitares en terreno tachirense. Otras versiones rezan que la situaci\u00f3n desatada con la expulsi\u00f3n de colombianos es la coartada perfecta para esconder al \u2018c\u00e1rtel de los Soles\u2019, que estar\u00eda encabezado por Diosdado Cabello, influyente presidente de la Asamblea venezolana.<\/p>\n<p>En las redes sociales abundan las acusaciones, mediante videos, contra el segundo a bordo del chavismo y las manipulaciones para evitar que se ponga en evidencia lo que se comenta a grito entero. Maduro hace caso omiso a las acusaciones y no se refiere al narcotr\u00e1fico en las declaraciones oficiales.<\/p>\n<p>La crisis ha despertado el nacionalismo en Colombia y las voces de solidaridad se escuchan en distintos tonos. A cambio del concierto del 2008, promovido por Juanes, y a falta de la visita de cantantes \u00edconos de la paz, hasta la frontera se han movido embajadores, cancilleres, el secretario General de la OEA y los obispos de C\u00facuta y San Crist\u00f3bal.<\/p>\n<p>El presidente Santos lleg\u00f3 con los ministros para reunirse en consejo especial, los senadores llegaron en comisi\u00f3n y los medios de comunicaci\u00f3n mantienen corresponsales. Los noticieros abren desde los puentes internacionales y las informaciones entregadas al mundo dan cuenta de la situaci\u00f3n que es desconocida en Miraflores.<\/p>\n<p>Entre las im\u00e1genes destacadas resaltan la pobreza, la tristeza y la agon\u00eda que viven los deportados. En la Peque\u00f1a Barinas quedaron casas, enseres, animales y familiares. A\u00f1os de trabajo fueron destruidos, en segundos, por m\u00e1quinas demoledoras al mando de guardias. Sue\u00f1os tejidos a lo largo de la vida fueron borrados por \u00f3rdenes militares. Ilusiones construidas minuto a minuto desaparecieron en un instante y sin raz\u00f3n alguna.<\/p>\n<p>Las historias parecen repetidas, pero pueden contarse por miles. Cada ni\u00f1o, joven o adulto tiene la suya y la cuenta con sinceridad, porque tienen un motivo. Se sienten humillados, avasallados y abatidos. All\u00e1, no pudieron protestar y vieron c\u00f3mo, primero, les marcaron la casa con una letra que los condenaba, y segundo, los declararon objeto \u2018tipo deportaci\u00f3n\u2019.<\/p>\n<p>El decorado de los pasos sobre el r\u00edo T\u00e1chira cambi\u00f3. Los puentes aparecen despejados, el ruido de los carros se esfum\u00f3, la presencia de los motorizados suicidas es remota, los cambistas de moneda no est\u00e1n, los buses no recogen pasajeros, las ventas ambulantes son cuesti\u00f3n del pasado, el caminar apresurado de los peatones no se siente. Ahora, hay alambradas, guardias, armas, barricadas, silencio, burla y caras cargadas de desespero.<\/p>\n<p>En los 21 d\u00edas, ha habido algunos gestos que no cumplen con la condici\u00f3n de humanitarios, pero que han permitido el tr\u00e1nsito de ni\u00f1os para volver a la escuela, de camiones sin carga rumbo al hogar, de enfermos con destino al hospital, de ancianos que lloran porque el nieto que llevan aferrado a la mano no come hace d\u00edas y de mujeres que ahora est\u00e1n solas porque el marido qued\u00f3 al otro lado de la l\u00ednea que divide a los dos pa\u00edses.<\/p>\n<p>En este tiempo, el alcalde Donamaris Ram\u00edrez tuvo tiempo para viajar a Estados Unidos y demandar a Maduro ante la Comisi\u00f3n Interamericana de Derechos Humanos por violaci\u00f3n a los derechos humanos de los colombianos. No ha habido respuesta del organismo internacional de justicia por lo que insisti\u00f3 en que una delegaci\u00f3n visite a C\u00facuta y constate c\u00f3mo vive la frontera. La visita puede estar cerca y en el curso de las pr\u00f3ximas horas se podr\u00eda conocer fecha.<\/p>\n<p>Los comisionados o los que designe la comisi\u00f3n; el secretario ejecutivo de la comisi\u00f3n, acompa\u00f1ado de abogados asesores, y el relator de migraciones, vendr\u00edan a:<\/p>\n<p>1.- Comprobar las violaciones de derechos humanos<\/p>\n<p>2.- Adelantar el acompa\u00f1amiento inmediato y urgente en los pr\u00f3ximos d\u00edas<\/p>\n<p>3.- Asegurar la prueba y generar\u00a0 condiciones que permitan salvar a los deportados que est\u00e1n en grave peligro de que contin\u00fae la violaci\u00f3n de derechos humanos.<\/p>\n<p><strong>RAFAEL ANTONIO PAB\u00d3N<\/strong><\/p>\n<p><strong>rafaelpabon58@hotmail.com<\/strong><\/p>\n<p><strong>Foto:\u00a0lapatilla.com<\/strong> <\/p>\n","protected":false},"excerpt":{"rendered":"<p>C\u00daCUTA.- Tres semanas complet\u00f3 el cierre de la frontera colombo-venezolana. La medida, ordenada desde caracas por el presidente Nicol\u00e1s Maduro, sorprendi\u00f3 a los residentes en el cord\u00f3n lim\u00edtrofe que une al estado T\u00e1chira con Norte de Santander. Cientos de ciudadanos de las dos nacionalidades quedaron atrapados a lado y lado de las barricadas instaladas por &hellip;<\/p>\n","protected":false},"author":1,"featured_media":25102,"comment_status":"open","ping_status":"open","sticky":false,"template":"","format":"standard","meta":{"footnotes":""},"categories":[7,6],"tags":[2483,2487],"class_list":["post-25101","post","type-post","status-publish","format-standard","has-post-thumbnail","hentry","category-acontecimientos","category-ojo-avizor","tag-crisis-en-la-frontera","tag-deportados"],"_links":{"self":[{"href":"https:\/\/contraluzcucuta.co\/index.php?rest_route=\/wp\/v2\/posts\/25101","targetHints":{"allow":["GET"]}}],"collection":[{"href":"https:\/\/contraluzcucuta.co\/index.php?rest_route=\/wp\/v2\/posts"}],"about":[{"href":"https:\/\/contraluzcucuta.co\/index.php?rest_route=\/wp\/v2\/types\/post"}],"author":[{"embeddable":true,"href":"https:\/\/contraluzcucuta.co\/index.php?rest_route=\/wp\/v2\/users\/1"}],"replies":[{"embeddable":true,"href":"https:\/\/contraluzcucuta.co\/index.php?rest_route=%2Fwp%2Fv2%2Fcomments&post=25101"}],"version-history":[{"count":2,"href":"https:\/\/contraluzcucuta.co\/index.php?rest_route=\/wp\/v2\/posts\/25101\/revisions"}],"predecessor-version":[{"id":25104,"href":"https:\/\/contraluzcucuta.co\/index.php?rest_route=\/wp\/v2\/posts\/25101\/revisions\/25104"}],"wp:featuredmedia":[{"embeddable":true,"href":"https:\/\/contraluzcucuta.co\/index.php?rest_route=\/wp\/v2\/media\/25102"}],"wp:attachment":[{"href":"https:\/\/contraluzcucuta.co\/index.php?rest_route=%2Fwp%2Fv2%2Fmedia&parent=25101"}],"wp:term":[{"taxonomy":"category","embeddable":true,"href":"https:\/\/contraluzcucuta.co\/index.php?rest_route=%2Fwp%2Fv2%2Fcategories&post=25101"},{"taxonomy":"post_tag","embeddable":true,"href":"https:\/\/contraluzcucuta.co\/index.php?rest_route=%2Fwp%2Fv2%2Ftags&post=25101"}],"curies":[{"name":"wp","href":"https:\/\/api.w.org\/{rel}","templated":true}]}}