{"id":25094,"date":"2015-09-07T22:27:01","date_gmt":"2015-09-08T03:27:01","guid":{"rendered":"http:\/\/contraluzcucuta.co\/?p=25094"},"modified":"2015-09-13T20:46:51","modified_gmt":"2015-09-14T01:46:51","slug":"cesar-rojas-ayala-es-importante-trabajar-unidos-para-construir-una-nueva-cucuta","status":"publish","type":"post","link":"https:\/\/contraluzcucuta.co\/?p=25094","title":{"rendered":"C\u00c9SAR ROJAS AYALA. \u201cEs importante trabajar unidos para construir una nueva C\u00facuta\u201d"},"content":{"rendered":"<p><strong>C\u00daCUTA.-<\/strong> El partido pol\u00edtico Mira se convirti\u00f3 en otro de los movimientos que adhieren a la campa\u00f1a de C\u00e9sar Rojas Ayala, candidato a la Alcald\u00eda de C\u00facuta (2016-2019), por Opci\u00f3n Ciudadana.<\/p>\n<p>Durante un desayuno formal en el Club Comercio, 11 de los aspirantes al concejo de C\u00facuta, 19 ediles y l\u00edderes pol\u00edticos del partido Mira ratificaron el inter\u00e9s por trabajar en el proyecto pol\u00edtico de Rojas Ayala.<\/p>\n<p>Una de las bases de las propuestas tambi\u00e9n se enfoc\u00f3 hacia la\u00a0 planificaci\u00f3n, rescatando la inclusi\u00f3n en todos los aspectos como movimiento pol\u00edtico con buenas ideas, para consolidar junto a C\u00e9sar Rojas el progreso de la ciudad.<\/p>\n<p>Directivos de la colectividad abordaron lo relacionado con educaci\u00f3n, seguridad y bienestar social, entre otros asuntos que\u00a0 priorizar\u00e1 durante su gobierno.<\/p>\n<p>C\u00e9sar Rojas Ayala manifest\u00f3 que \u201clas necesidades de las comunidades vulnerables de la ciudad son una prioridad y necesitan ser intervenidas para que el progreso retorne a todos los sectores con nuestro programa incluyente y social, por eso tenemos el respaldo de varios partidos pol\u00edticos y Mira lo certifica\u201d.<\/p>\n<p>Mary \u00c1lvarez, gerente departamental de Mira expres\u00f3 que \u201cC\u00facuta necesita un alcalde que en su mente solo exista el progreso, esquema que hace 8 a\u00f1os iniciamos y solo con propuestas claras de desarrollo se puede sacar a C\u00facuta de la crisis social, humana y econ\u00f3mica en la que se encuentra\u201d.<\/p>\n<p><strong>Foto: PRENSA DE LA CAMPA\u00d1A<\/strong><\/p>\n<p>&nbsp; <\/p>\n","protected":false},"excerpt":{"rendered":"<p>C\u00daCUTA.- El partido pol\u00edtico Mira se convirti\u00f3 en otro de los movimientos que adhieren a la campa\u00f1a de C\u00e9sar Rojas Ayala, candidato a la Alcald\u00eda de C\u00facuta (2016-2019), por Opci\u00f3n Ciudadana. Durante un desayuno formal en el Club Comercio, 11 de los aspirantes al concejo de C\u00facuta, 19 ediles y l\u00edderes pol\u00edticos del partido Mira &hellip;<\/p>\n","protected":false},"author":1,"featured_media":25095,"comment_status":"open","ping_status":"open","sticky":false,"template":"","format":"standard","meta":{"footnotes":""},"categories":[1],"tags":[108,1558],"class_list":["post-25094","post","type-post","status-publish","format-standard","has-post-thumbnail","hentry","category-sin-categoria","tag-candidato-a-la-alcaldia-de-cucuta","tag-cesar-rojas-ayala"],"_links":{"self":[{"href":"https:\/\/contraluzcucuta.co\/index.php?rest_route=\/wp\/v2\/posts\/25094","targetHints":{"allow":["GET"]}}],"collection":[{"href":"https:\/\/contraluzcucuta.co\/index.php?rest_route=\/wp\/v2\/posts"}],"about":[{"href":"https:\/\/contraluzcucuta.co\/index.php?rest_route=\/wp\/v2\/types\/post"}],"author":[{"embeddable":true,"href":"https:\/\/contraluzcucuta.co\/index.php?rest_route=\/wp\/v2\/users\/1"}],"replies":[{"embeddable":true,"href":"https:\/\/contraluzcucuta.co\/index.php?rest_route=%2Fwp%2Fv2%2Fcomments&post=25094"}],"version-history":[{"count":1,"href":"https:\/\/contraluzcucuta.co\/index.php?rest_route=\/wp\/v2\/posts\/25094\/revisions"}],"predecessor-version":[{"id":25096,"href":"https:\/\/contraluzcucuta.co\/index.php?rest_route=\/wp\/v2\/posts\/25094\/revisions\/25096"}],"wp:featuredmedia":[{"embeddable":true,"href":"https:\/\/contraluzcucuta.co\/index.php?rest_route=\/wp\/v2\/media\/25095"}],"wp:attachment":[{"href":"https:\/\/contraluzcucuta.co\/index.php?rest_route=%2Fwp%2Fv2%2Fmedia&parent=25094"}],"wp:term":[{"taxonomy":"category","embeddable":true,"href":"https:\/\/contraluzcucuta.co\/index.php?rest_route=%2Fwp%2Fv2%2Fcategories&post=25094"},{"taxonomy":"post_tag","embeddable":true,"href":"https:\/\/contraluzcucuta.co\/index.php?rest_route=%2Fwp%2Fv2%2Ftags&post=25094"}],"curies":[{"name":"wp","href":"https:\/\/api.w.org\/{rel}","templated":true}]}}