{"id":25090,"date":"2015-09-07T16:46:04","date_gmt":"2015-09-07T21:46:04","guid":{"rendered":"http:\/\/contraluzcucuta.co\/?p=25090"},"modified":"2015-09-13T19:30:24","modified_gmt":"2015-09-14T00:30:24","slug":"cucuta-deportivo-en-cadena-dos-a-la-verguenza-motilona","status":"publish","type":"post","link":"https:\/\/contraluzcucuta.co\/?p=25090","title":{"rendered":"C\u00daCUTA DEPORTIVO. En-Cadena-dos a la verg\u00fcenza motilona \u00a0"},"content":{"rendered":"<p>A comienzos de a\u00f1o, los cucute\u00f1os aficionados al f\u00fatbol sintieron que recuperaron la verg\u00fcenza perdida en la cancha y sonrieron con el retorno del cuadro motil\u00f3n al grupo de los grandes de Colombia. Meses despu\u00e9s, sintieron que la farsa estaba por concluir y que lo ganado en Bogot\u00e1 solo era un sue\u00f1o.<\/p>\n<p>Los dos primeros partidos en el General Santander demostraron lo fieles que con los hinchas. Los grader\u00edos se reventaron para ver a Santa Fe y J\u00fanior. Volvi\u00f3 el ambiente festivo al estadio y los espectadores salieron satisfechos porque comenzaba una nueva historia para el once local. En las calles se respiraba un aire triunfalista, el cuadro rojinegro estaba de nuevo para ser protagonista.<\/p>\n<p>Bastaron dos salidas del equipo y los marcadores abultados hicieron que hombre y mujeres aterrizaran en la realidad. Con los pies firmes sobre el ardiente pavimento, ni\u00f1os y adultos decidieron alejarse de las tribunas y tomar otros caminos para la diversi\u00f3n y el esparcimiento. Adem\u00e1s, les pusieron la se\u00f1al de televisi\u00f3n para ver los partidos en directo y hasta ah\u00ed lleg\u00f3 el amor motil\u00f3n.<\/p>\n<p>Los resultados desastrosos en casa y por fuera acabaron con las ilusiones de los envalentonados aficionados que se atrevieron a comprar los abonos para mostrar la fidelidad que nunca se les ha respetado. De ser la mejor afici\u00f3n del pa\u00eds se ha pasado a ser un min\u00fasculo grupo de amantes de la divisa a los que los directivos no tienen en cuenta.<\/p>\n<p>El desprecio desde las oficinas para con los que orgullosamente llevan puesta la camiseta es grande. Sin consideraci\u00f3n alguna los menosprecian y los manosean en cada campeonato. Se arman equipitos dignos de torneos de barriada, pero nunca con la calidad de un grupo que aspira a disputar los primeros puestos y a defender la categor\u00eda.<\/p>\n<p>La n\u00f3mina se convierte en el hazmerre\u00edr de las dem\u00e1s ciudades y solo se escuchan comentarios cargados de s\u00e1tiras, porque no hay calidad, y a los pocos que contratan les falta entereza para defender la camiseta. El pundonor deportivo es esquivo y les da lo mismo perder que empatar en casa.<\/p>\n<p>Las opciones de mantener el estatus de equipo grande est\u00e1n perdidas. Las esperanzas se esfumaron semanas atr\u00e1s. El dolor es grande entre quienes ofrendan la vida familiar por asistir a un partido. No los tienen en cuenta a la hora de pensar en el campeonato siguiente por la ceguera traducida en pesos por parte de los directivos.<\/p>\n<p>Es cierto y est\u00e1 comprobado que a los manejadores del C\u00facuta Deportivo se importa poco ganar renombre. Y tambi\u00e9n es cierto que para ellos es m\u00e1s valioso engrosar las cuentas bancarias con las d\u00e1divas giradas por la Dimayor. Por eso act\u00faan con menosprecio por los pesos que pagan los aficionados partido tras partido.<\/p>\n<p>Por eso el cartel exhibido el domingo en el General Santander resume el sentimiento de los hinchas. Est\u00e1 escrito con rabia, dolor e impotencia. Ojal\u00e1 los directivos hicieran caso del mensaje y asumieran la decisi\u00f3n que le pide la afici\u00f3n para no seguir En-Cadena-dos a la verg\u00fcenza motilona.<\/p>\n<p><strong>RAFAEL ANTONIO PAB\u00d3N<\/strong><\/p>\n<p><strong><a href=\"mailto:rafaelpabon58@hotmail.com\">rafaelpabon58@hotmail.com<\/a><\/strong><\/p>\n<p><strong>Foto: Especial para <a href=\"http:\/\/www.contraluzcucuta.co\">www.contraluzcucuta.co<\/a><\/strong><\/p>\n<p>&nbsp;<\/p>\n<p>&nbsp; <\/p>\n","protected":false},"excerpt":{"rendered":"<p>A comienzos de a\u00f1o, los cucute\u00f1os aficionados al f\u00fatbol sintieron que recuperaron la verg\u00fcenza perdida en la cancha y sonrieron con el retorno del cuadro motil\u00f3n al grupo de los grandes de Colombia. Meses despu\u00e9s, sintieron que la farsa estaba por concluir y que lo ganado en Bogot\u00e1 solo era un sue\u00f1o. Los dos primeros &hellip;<\/p>\n","protected":false},"author":1,"featured_media":25092,"comment_status":"open","ping_status":"open","sticky":false,"template":"","format":"standard","meta":{"footnotes":""},"categories":[28],"tags":[192,1396,301,2509],"class_list":["post-25090","post","type-post","status-publish","format-standard","has-post-thumbnail","hentry","category-vistazo-deportivo","tag-cucuta-deportivo","tag-dimayor","tag-futbol-profesional-colombiano","tag-jose-augusto-cadena"],"_links":{"self":[{"href":"https:\/\/contraluzcucuta.co\/index.php?rest_route=\/wp\/v2\/posts\/25090","targetHints":{"allow":["GET"]}}],"collection":[{"href":"https:\/\/contraluzcucuta.co\/index.php?rest_route=\/wp\/v2\/posts"}],"about":[{"href":"https:\/\/contraluzcucuta.co\/index.php?rest_route=\/wp\/v2\/types\/post"}],"author":[{"embeddable":true,"href":"https:\/\/contraluzcucuta.co\/index.php?rest_route=\/wp\/v2\/users\/1"}],"replies":[{"embeddable":true,"href":"https:\/\/contraluzcucuta.co\/index.php?rest_route=%2Fwp%2Fv2%2Fcomments&post=25090"}],"version-history":[{"count":1,"href":"https:\/\/contraluzcucuta.co\/index.php?rest_route=\/wp\/v2\/posts\/25090\/revisions"}],"predecessor-version":[{"id":25093,"href":"https:\/\/contraluzcucuta.co\/index.php?rest_route=\/wp\/v2\/posts\/25090\/revisions\/25093"}],"wp:featuredmedia":[{"embeddable":true,"href":"https:\/\/contraluzcucuta.co\/index.php?rest_route=\/wp\/v2\/media\/25092"}],"wp:attachment":[{"href":"https:\/\/contraluzcucuta.co\/index.php?rest_route=%2Fwp%2Fv2%2Fmedia&parent=25090"}],"wp:term":[{"taxonomy":"category","embeddable":true,"href":"https:\/\/contraluzcucuta.co\/index.php?rest_route=%2Fwp%2Fv2%2Fcategories&post=25090"},{"taxonomy":"post_tag","embeddable":true,"href":"https:\/\/contraluzcucuta.co\/index.php?rest_route=%2Fwp%2Fv2%2Ftags&post=25090"}],"curies":[{"name":"wp","href":"https:\/\/api.w.org\/{rel}","templated":true}]}}