{"id":25076,"date":"2015-09-03T21:38:55","date_gmt":"2015-09-04T02:38:55","guid":{"rendered":"http:\/\/contraluzcucuta.co\/?p=25076"},"modified":"2015-09-09T21:25:10","modified_gmt":"2015-09-10T02:25:10","slug":"cronica-deportados-un-viaje-sin-regreso","status":"publish","type":"post","link":"https:\/\/contraluzcucuta.co\/?p=25076","title":{"rendered":"CR\u00d3NICA. Deportados, un viaje sin regreso"},"content":{"rendered":"<p>Orlando Nieto lleg\u00f3 con la familia desde Palotal, en el estado T\u00e1chira. \u201cEl s\u00e1bado, a las 11:00 de la noche, lleg\u00f3 la Guardia y casi que nos tumba la puerta de la casa. Salimos de Venezuela el domingo, a la 1:30 de la madrugada, asustados, por voluntad propia, por una de las trochas que hay en la frontera. Fuimos tratados como perros\u201d, coment\u00f3 mientras la nieta Camila se re\u00fane con el resto de ni\u00f1os en el alberge a dibujar una paloma, s\u00edmbolo de la paz, lo opuesto a lo que han recibido de parte del gobierno venezolano.<\/p>\n<p>Los 252 deportados del alberge acondicionado en el colegio Misael Pastrana Borrero fueron trasladados, en la noche, a la Universidad Francisco Paula Santander. Seg\u00fan el censo, hay 116 hombres, 123 mujeres, 85 ni\u00f1os, 57 ni\u00f1as, 19 adolescentes y 11 beb\u00e9s. Los ancianos hacen parte de los hombres. En general, son 148 familias repartidas en 121 carpas.<\/p>\n<p>En el coliseo se ha armado un alberge temporal para recibir a los deportados. Las carpas est\u00e1n paralelas unas a otras. El improvisado puesto de salud ha contribuido a que no haya epidemias, solo problemas de salud en los adultos mayores y en algunos beb\u00e9s. \u201cEl gobierno y las entidades oficiales han estado pendientes de los alberges, la \u00a0\u00a0\u00a0\u00a0\u00a0\u00a0\u00a0\u00a0\u00a0\u00a0 Secretar\u00eda de Salud, la Defensor\u00eda del Pueblo, la Secretaria Municipal, la Polic\u00eda y Conalsar (Polic\u00eda de Salud y Desastres). A pesar de eso, no sabemos por cu\u00e1nto tiempo van a permanecer ac\u00e1\u201d, dijo la patrullera Johana Garrido.<\/p>\n<p>\u201cA pesar de tener familia en Colombia, ustedes entender\u00e1n que no es lo mismo estar uno arrimado, aqu\u00ed no somos lo mismo que \u00e9ramos all\u00e1. Yo era conductor y no pudimos traer nada, solo la ropa que llev\u00e1bamos puesta y lo que pudimos agarrar. Ni el carro lo pude pasar\u201d, cont\u00f3 Orlando. Esto lo m\u00e1s duro que les ha podido pasar, comenzar desde cero en una ciudad diferente, despu\u00e9s de vivir 23 a\u00f1os en un pa\u00eds que siempre reconocieron como hogar.<\/p>\n<p>La hija de Orlando y la esposa Carmen Le\u00f3n viv\u00edan en Ure\u00f1a y se encuentra en el s\u00e9ptimo mes de embarazo. Tiene un quiste en el cerebro y despu\u00e9s de cruzar la frontera est\u00e1 con el novio fuera del alberge. En el puesto de salud no les dan el medicamento para el reflujo estomacal. El estado de salud\u00a0 de Orlando tampoco es le mejor, tiene una hernia inguinal avanzada que no pudo curar en Venezuela por el costo excesivo de los tratamientos m\u00e9dicos.<\/p>\n<p>\u201cNo iba a dejar a mi familia por las cosas materiales, una nevera, una cocina. Yo espero, porque s\u00e9 que mi Dios es grande y pronto nos dar\u00e1 la mano\u201d, expres\u00f3 Orlando mientras en el rostro comienza a aparecer la tristeza por la \u00a0situaci\u00f3n afronta. Las l\u00e1grimas escurren por las mejillas y se combinan con la ira y la decepci\u00f3n. La caridad no es el estilo de vida de estos colombianos, acostumbrados a conseguir el sustento diario. Ahora, apelan a esta v\u00eda mientras se crean salidas laborales para los deportados.<\/p>\n<p>Camila tiene 4 a\u00f1os y estudia en C\u00facuta, Orlando siempre la trasportaba de la casa al colegio y viceversa. Para el hombre es doloroso ver a la familia durmiendo casi en el piso, dentro de la carpa 92, la casa temporal en C\u00facuta. La situaci\u00f3n de los deportados recuerda a la sufrida por los habitantes de Gramalote, desplazados por el desastre natural (17 de diciembre de 2010). Tambi\u00e9n sufrieron el cambio brusco de llegar a la ciudad.<\/p>\n<p>Cuando Orlando y la familia lograron cruzar la frontera para desayunar cambiaron siete millones de bol\u00edvares, lo \u00fanico que lograron sacar, y recibieron alrededor de $ 30.000. La devaluaci\u00f3n de la moneda venezolana hace que estos seres humanos se vean afectados en lo econ\u00f3mico. Solo cuentan con $ 5000 de ese dinero. Orlando ten\u00eda el vicio del cigarrillo, ahora no puede ni satisfacerlo.<\/p>\n<p>Once mil afectados ha dejado la crisis. El presidente Juan Manuel Santos visit\u00f3 los alberges y llev\u00f3 promesas, subsidios para vivienda y trabajos. Envi\u00f3 un mensaje claro para la OEA, la crisis no es invento de los medios. Los deportados est\u00e1n asustados, los derechos les fueron ultrajados, el futuro es incierto aunque empieza a mejorar. El Gobierno mantendr\u00e1 el apoyo como lo ha hecho durante la crisis humanitaria.<\/p>\n<p>En el alberge no solo se ven caras largas, los ni\u00f1os juegan y participan en actividades que no les permiten caer en la tristeza. La inocencia le da una luz de esperanza al esp\u00edritu luchador de cada deportado. \u201cMi hija me dijo que no me pusiera triste, solo queda levantar cabeza y echar pa\u2019lante. Alg\u00fan d\u00eda, sea\u00a0 ma\u00f1ana o pasado ma\u00f1ana, Dios se compadecer\u00e1 de nosotros\u201d, dijo \u00a0Orlando y cambi\u00f3 de semblante.<\/p>\n<p><strong>Daniel Mauricio Vill\u00e1n <\/strong><\/p>\n<p><strong>Andr\u00e9s Danilo Gallo <\/strong><\/p>\n<p><strong>Estudiantes de Comunicaci\u00f3n Social<\/strong><\/p>\n<p><strong>Universidad de Pamplona<\/strong><\/p>\n<p><strong>Campus de Villa del Rosario<\/strong><\/p>\n<p><strong>\u00a0<\/strong> <\/p>\n","protected":false},"excerpt":{"rendered":"<p>Orlando Nieto lleg\u00f3 con la familia desde Palotal, en el estado T\u00e1chira. \u201cEl s\u00e1bado, a las 11:00 de la noche, lleg\u00f3 la Guardia y casi que nos tumba la puerta de la casa. Salimos de Venezuela el domingo, a la 1:30 de la madrugada, asustados, por voluntad propia, por una de las trochas que hay &hellip;<\/p>\n","protected":false},"author":1,"featured_media":25078,"comment_status":"open","ping_status":"open","sticky":false,"template":"","format":"standard","meta":{"footnotes":""},"categories":[7,74,10,36],"tags":[2508,2483,2487],"class_list":["post-25076","post","type-post","status-publish","format-standard","has-post-thumbnail","hentry","category-acontecimientos","category-aula-universitaria","category-cronicas","category-la-voz-del-pueblo","tag-albergues-en-cucuta-y-villa-del-rosario","tag-crisis-en-la-frontera","tag-deportados"],"_links":{"self":[{"href":"https:\/\/contraluzcucuta.co\/index.php?rest_route=\/wp\/v2\/posts\/25076","targetHints":{"allow":["GET"]}}],"collection":[{"href":"https:\/\/contraluzcucuta.co\/index.php?rest_route=\/wp\/v2\/posts"}],"about":[{"href":"https:\/\/contraluzcucuta.co\/index.php?rest_route=\/wp\/v2\/types\/post"}],"author":[{"embeddable":true,"href":"https:\/\/contraluzcucuta.co\/index.php?rest_route=\/wp\/v2\/users\/1"}],"replies":[{"embeddable":true,"href":"https:\/\/contraluzcucuta.co\/index.php?rest_route=%2Fwp%2Fv2%2Fcomments&post=25076"}],"version-history":[{"count":1,"href":"https:\/\/contraluzcucuta.co\/index.php?rest_route=\/wp\/v2\/posts\/25076\/revisions"}],"predecessor-version":[{"id":25079,"href":"https:\/\/contraluzcucuta.co\/index.php?rest_route=\/wp\/v2\/posts\/25076\/revisions\/25079"}],"wp:featuredmedia":[{"embeddable":true,"href":"https:\/\/contraluzcucuta.co\/index.php?rest_route=\/wp\/v2\/media\/25078"}],"wp:attachment":[{"href":"https:\/\/contraluzcucuta.co\/index.php?rest_route=%2Fwp%2Fv2%2Fmedia&parent=25076"}],"wp:term":[{"taxonomy":"category","embeddable":true,"href":"https:\/\/contraluzcucuta.co\/index.php?rest_route=%2Fwp%2Fv2%2Fcategories&post=25076"},{"taxonomy":"post_tag","embeddable":true,"href":"https:\/\/contraluzcucuta.co\/index.php?rest_route=%2Fwp%2Fv2%2Ftags&post=25076"}],"curies":[{"name":"wp","href":"https:\/\/api.w.org\/{rel}","templated":true}]}}