{"id":25073,"date":"2015-09-03T21:11:45","date_gmt":"2015-09-04T02:11:45","guid":{"rendered":"http:\/\/contraluzcucuta.co\/?p=25073"},"modified":"2015-09-09T19:27:55","modified_gmt":"2015-09-10T00:27:55","slug":"mensaje-fraterno-encuentro-santos-maduro-es-urgente-y-debe-ser-permanente","status":"publish","type":"post","link":"https:\/\/contraluzcucuta.co\/?p=25073","title":{"rendered":"MENSAJE FRATERNO. \u00a0Encuentro Santos-Maduro \u201ces urgente y debe ser permanente\u201d"},"content":{"rendered":"<p><em>&#8220;Porque \u00c9l es nuestra paz. De los dos pueblos hizo uno, derribando la divisi\u00f3n, la enemistad\u2026 para crear en s\u00ed mismo, de los dos un solo hombre nuevo&#8221; (Ef 2, 14-15).<\/em><\/p>\n<p>Los presidentes de las Conferencias Episcopales de Colombia y Venezuela solicitaron de manera p\u00fablica y expl\u00edcita que los presidentes Juan Manuel Santos y Nicol\u00e1s Maduro se encuentren para un di\u00e1logo que permita contraer compromisos concretos y a largo plazo. \u201cEste encuentro y di\u00e1logo es urgente y debe ser permanente\u201d.<\/p>\n<p>El objetivo primario de la cita es reafirmar la riqueza de ser una frontera viva donde se manifiestan la integraci\u00f3n y la generaci\u00f3n de desarrollo integral para los dos pueblos. \u201cRecordarnos que la frontera colombo-venezolana nunca ha sido una l\u00ednea divisoria, sino escenario fehaciente de una cultura de convivencia, progreso y fraternidad\u201d.<\/p>\n<p>El cardenal Rub\u00e9n Salazar G\u00f3mez, arzobispo de Bogot\u00e1 y Primado de Colombia, y presidente del Celam; monse\u00f1or Luis Augusto Castro, arzobispo de Tunja y presidente de la Conferencia Episcopal de Colombia, y monse\u00f1or Rafael Padr\u00f3n S\u00e1nchez, arzobispo de Cuman\u00e1, presidente de la Conferencia Episcopal Venezolana, suscribieron el documento:<\/p>\n<p>\u201cMovidos por la Palabra de Dios, Obispos de Colombia y Venezuela, invitados por la Presidencia del Celam, querernos ratificar nuestro compromiso por la paz de nuestras naciones. Querernos reafirmar que nuestros pueblos, a\u00fan con sus diferencias propias, siempre se han distinguido por la fraternidad, la solidaridad y la unidad. El origen com\u00fan nos garantiza que en nuestros pueblos se puede vivir lo que nos pide Dios, no hay un muro que divida sino una realidad que nos une, adem\u00e1s de la cultura e historia com\u00fan, la fe en Jesucristo.<\/p>\n<p>\u201cPor todo esto compartirnos el dolor y la angustia que hemos podido sentir en tantos hermanos nuestros, ante la crisis creada en la frontera colombo-venezolana. Tenernos conciencia de los graves problemas existentes en la zona fronteriza compartida por ambos pa\u00edses: redes de delincuencia organizada, tr\u00e1fico de personas, grupos irregulares, tr\u00e1fico de drogas, contrabando, corrupci\u00f3n p\u00fablica y privada. Pero ninguna de estas graves dificultades, de ra\u00edces econ\u00f3micas, pol\u00edticas y sociales, y de consecuencias morales se resuelve por la v\u00eda de la fuerza.<\/p>\n<p>\u201cPreocupa a toda la comunidad binacional las medidas tomadas por el gobierno de Venezuela con sus consecuencias:<\/p>\n<p>1.- Implementaci\u00f3n del Estado de excepci\u00f3n en los municipios de la frontera Venezolana<\/p>\n<p>2.- Expulsi\u00f3n masiva<\/p>\n<p>3.- Separaci\u00f3n de las familias<\/p>\n<p>4.- P\u00e9rdida de las viviendas<\/p>\n<p>5.- Afectaci\u00f3n de la vida econ\u00f3mica y social de la regi\u00f3n.<\/p>\n<p>\u201cLamentablemente, como suele suceder, estas medidas han golpeado a sectores m\u00e1s pobres y vulnerables tanto de Colombia como de Venezuela.<\/p>\n<p>En orden a la soluci\u00f3n de esta terrible situaci\u00f3n, la Presidencia de las Conferencias Episcopales de Colombia y Venezuela solicita de manera p\u00fablica y expl\u00edcita que los Presidentes de ambas naciones se encuentren para un di\u00e1logo que permita contraer compromisos concretos y a largo plazo.<\/p>\n<p>\u201cDeploramos todo exceso que atente contra la dignidad de la persona humana y sus derechos fundamentales. Por eso es necesario que los derechos humanos de cada quien, cualquiera que sea su condici\u00f3n, nacionalidad o credo sean respetados. Hay una raz\u00f3n fundamental para ello y es que somos hijos de Dios, con una dignidad propia recibida de \u00c9l mismo. Esto incluye dejar a un lado toda ofensa o expresi\u00f3n descalificadora que pueda contribuir a conductas de tipo xen\u00f3fobo. Llamamos la atenci\u00f3n sobre los riesgos impredecibles que puedan traer tanto la militarizaci\u00f3n de las fronteras como la judicializaci\u00f3n del problema.<\/p>\n<p>\u201cInvitamos a la comunidad internacional a seguir de cerca esta situaci\u00f3n de crisis y cooperar en la adecuada y justa soluci\u00f3n de la misma, as\u00ed como la defensa de los derechos humanos de todos. Pedimos a nuestros hermanos de Colombia y Venezuela tomar conciencia de que el problema no es solo de los habitantes de frontera sino que nos involucra y compromete a todos los ciudadanos.<\/p>\n<p>\u201cReafirmamos nuestra solidaridad con los m\u00e1s peque\u00f1os y hacemos nuestros sus dolores y angustias con la confianza que de Dios llegar\u00e1 el consuelo, pero tambi\u00e9n las luces que iluminen a quienes tienen que tomar las decisiones a su favor. Tambi\u00e9n expresamos nuestra solidaridad con las di\u00f3cesis de la frontera que han estado trabajando con sentido de caridad, justicia y paz para atender a tantas personas que lo requieren. En este sentido agradecemos a todas aquellas personas e instituciones que con sentido de comuni\u00f3n han contribuido con los que m\u00e1s sufren, desde una oraci\u00f3n hasta una ayuda material.<\/p>\n<p>\u201cLa presidencia de ambas Conferencias Episcopales se han comprometido a reforzar nuestra comuni\u00f3n y as\u00ed ir elaborando planes y acciones conjuntas no solo para atender esta coyuntura, sino para hacer realidad la petici\u00f3n del Papa Francisco &#8220;una Iglesia sin fronteras madre de todos&#8221;.<\/p>\n<p>\u201cImploramos del Dios de la vida y Padre de todos, su fuerza y su luz por intercesi\u00f3n de Mar\u00eda, la Madre de Dios, la misma de Chiquinquir\u00e1 y Coromoto\u201d.<\/p>\n<p><strong>\u00a0Foto: PRENSA PRESIDENCIA DE LA REP\u00daBLICA<\/strong> <\/p>\n","protected":false},"excerpt":{"rendered":"<p>&#8220;Porque \u00c9l es nuestra paz. De los dos pueblos hizo uno, derribando la divisi\u00f3n, la enemistad\u2026 para crear en s\u00ed mismo, de los dos un solo hombre nuevo&#8221; (Ef 2, 14-15). Los presidentes de las Conferencias Episcopales de Colombia y Venezuela solicitaron de manera p\u00fablica y expl\u00edcita que los presidentes Juan Manuel Santos y Nicol\u00e1s &hellip;<\/p>\n","protected":false},"author":1,"featured_media":25074,"comment_status":"open","ping_status":"open","sticky":false,"template":"","format":"standard","meta":{"footnotes":""},"categories":[7,36],"tags":[2505,2503,2504,2506,2507],"class_list":["post-25073","post","type-post","status-publish","format-standard","has-post-thumbnail","hentry","category-acontecimientos","category-la-voz-del-pueblo","tag-cardenal-ruben-salazar-gomez","tag-conferencia-episcopal-colombiana","tag-conferencia-episcopal-venezolana","tag-monsenor-luis-augusto-castro","tag-monsenor-rafael-padron-sanchez"],"_links":{"self":[{"href":"https:\/\/contraluzcucuta.co\/index.php?rest_route=\/wp\/v2\/posts\/25073","targetHints":{"allow":["GET"]}}],"collection":[{"href":"https:\/\/contraluzcucuta.co\/index.php?rest_route=\/wp\/v2\/posts"}],"about":[{"href":"https:\/\/contraluzcucuta.co\/index.php?rest_route=\/wp\/v2\/types\/post"}],"author":[{"embeddable":true,"href":"https:\/\/contraluzcucuta.co\/index.php?rest_route=\/wp\/v2\/users\/1"}],"replies":[{"embeddable":true,"href":"https:\/\/contraluzcucuta.co\/index.php?rest_route=%2Fwp%2Fv2%2Fcomments&post=25073"}],"version-history":[{"count":1,"href":"https:\/\/contraluzcucuta.co\/index.php?rest_route=\/wp\/v2\/posts\/25073\/revisions"}],"predecessor-version":[{"id":25075,"href":"https:\/\/contraluzcucuta.co\/index.php?rest_route=\/wp\/v2\/posts\/25073\/revisions\/25075"}],"wp:featuredmedia":[{"embeddable":true,"href":"https:\/\/contraluzcucuta.co\/index.php?rest_route=\/wp\/v2\/media\/25074"}],"wp:attachment":[{"href":"https:\/\/contraluzcucuta.co\/index.php?rest_route=%2Fwp%2Fv2%2Fmedia&parent=25073"}],"wp:term":[{"taxonomy":"category","embeddable":true,"href":"https:\/\/contraluzcucuta.co\/index.php?rest_route=%2Fwp%2Fv2%2Fcategories&post=25073"},{"taxonomy":"post_tag","embeddable":true,"href":"https:\/\/contraluzcucuta.co\/index.php?rest_route=%2Fwp%2Fv2%2Ftags&post=25073"}],"curies":[{"name":"wp","href":"https:\/\/api.w.org\/{rel}","templated":true}]}}