{"id":25070,"date":"2015-09-03T20:38:39","date_gmt":"2015-09-04T01:38:39","guid":{"rendered":"http:\/\/contraluzcucuta.co\/?p=25070"},"modified":"2015-09-03T20:38:39","modified_gmt":"2015-09-04T01:38:39","slug":"crisis-en-la-frontera-secretario-general-de-la-oea-visitara-a-cucuta","status":"publish","type":"post","link":"https:\/\/contraluzcucuta.co\/?p=25070","title":{"rendered":"CRISIS EN LA FRONTERA. Secretario General de la OEA visitar\u00e1 a C\u00facuta"},"content":{"rendered":"<p><strong>C\u00daCUTA.-<\/strong> El Secretario General de la Organizaci\u00f3n de Estados Americanos (OEA), Luis Almagro, acept\u00f3 la invitaci\u00f3n para visitar la zona de frontera colombo-venezolana. Sobre el terreno constar\u00e1 la crisis humanitaria que viven cientos de colombianos deportados de Venezuela.<\/p>\n<p>El funcionario llegar\u00e1 el s\u00e1bado y recorrer\u00e1 los albergues dispuestos para atender a ni\u00f1os y adultos que salieron en las \u00faltimas semanas del estado T\u00e1chira. En la localidad venezolana abandonaron bienes materiales e, incluso, familiares.<\/p>\n<p>El alcalde Donamaris Ram\u00edrez, luego del encuentro del primero de septiembre, propuso a Almagro visitar la zona en conflicto. El gobernante local demand\u00f3 ante la CIDH al presidente de Venezuela, Nicol\u00e1s Maduro Moros.<\/p>\n<p>El Secretario General de la OEA, en el desarrollo de la agenda, solo recibe a presidentes de las naciones miembros, cancilleres o embajadores ante el organismo internacional.<\/p>\n<p>La presencia del uruguayo permitir\u00e1 dar a conocer la situaci\u00f3n de los colombianos deportados, expulsados y desarraigados alojados en albergues y que han manifestado violaciones al derecho internacional humanitario.<\/p>\n<p>Esta semana, integrantes del cuerpo diplom\u00e1tico acreditado en Colombia viajaron a C\u00facuta y constataron la crisis humanitaria que vive la zona de frontera. \u201cLo que puedo decir es que no es un problema pol\u00edtico, para m\u00ed es un drama humano\u201d, dijo el embajador de Turqu\u00eda,\u00a0 Engin Y\u00fcr\u00fcr.<\/p>\n<p>Los 17 embajadores visitaron los albergues y se conmovieron por la situaci\u00f3n. Manifestaron que cuando hay un problema en el mundo todos deben mostrar inter\u00e9s y apoyar una soluci\u00f3n pac\u00edfica y efectiva. \u00a0\u201cLo que uno busca es una soluci\u00f3n pac\u00edfica, duradera y diplom\u00e1tica\u201d, manifest\u00f3 el embajador de Estados Unidos, Kevin Michael Whitaker.<\/p>\n<p>Los diplom\u00e1ticos destacaron el manejo dado por el gobierno colombiano a la dif\u00edcil situaci\u00f3n. \u201cLo que aprecio es que ha habido respaldo fuerte por parte del Gobierno. No minimizo la situaci\u00f3n en que se encuentra, pero ha habido una respuesta contundente, dijo Whitaker.<\/p>\n<p>Otra reuni\u00f3n destacada fue el\u00a0 Consejo de Ministros Extraordinario convocado por el Presidente Juan Manuel Santos y al asistieron los embajadores de Ecuador, C\u00e9sar Vallejo; de la Federaci\u00f3n de Rusia, P\u00e1vel S\u00e9rgiev; de la Rep\u00fablica Popular de China, Wang Xiiaoyuan; de la Rep\u00fablica de Costa Rica, Milena Villanueva; de la Rep\u00fablica de Argentina, Celso Jaque; de la\u00a0 Rep\u00fablica Oriental de Uruguay, Duncan Boris; de la Rep\u00fablica Federal de Alemania, G\u00fcnter Kniess; de la Rep\u00fablica de Turqu\u00eda, Egin Y\u00fcr\u00fcr; de Paraguay, Ricardo Scavone; de Honduras, Francisco Ram\u00f3n; de la Rep\u00fablica Federativa del Brasil, Mar\u00eda Elisa Berenguer; de Emiratos \u00c1rabes Unidos, Mohamed Alqattam; de los Estados Unidos de M\u00e9xico, Arnulfo Valdivia; de los Estados Unidos de Am\u00e9rica, Kevin Whitaker; de la Rep\u00fablica de Chile, Ricardo Navarrete; de la Rep\u00fablica de Guatemala, H\u00e9ctor Espinosa; y de la Rep\u00fablica de Corea, Myung Soo Jang; la encargada de negocios de la Embajada de Jamaica, Elaine Towsend, y el encargado de negocios de la Embajada de Canad\u00e1, Douglas Chalborne.<\/p>\n<p><strong>Foto: PRENSA ALCALD\u00cdA<\/strong><\/p>\n<p>&nbsp; <\/p>\n","protected":false},"excerpt":{"rendered":"<p>C\u00daCUTA.- El Secretario General de la Organizaci\u00f3n de Estados Americanos (OEA), Luis Almagro, acept\u00f3 la invitaci\u00f3n para visitar la zona de frontera colombo-venezolana. Sobre el terreno constar\u00e1 la crisis humanitaria que viven cientos de colombianos deportados de Venezuela. El funcionario llegar\u00e1 el s\u00e1bado y recorrer\u00e1 los albergues dispuestos para atender a ni\u00f1os y adultos que &hellip;<\/p>\n","protected":false},"author":1,"featured_media":25071,"comment_status":"open","ping_status":"open","sticky":false,"template":"","format":"standard","meta":{"footnotes":""},"categories":[7,4],"tags":[2483,2487,2502,2501],"class_list":["post-25070","post","type-post","status-publish","format-standard","has-post-thumbnail","hentry","category-acontecimientos","category-barra","tag-crisis-en-la-frontera","tag-deportados","tag-luis-almagro","tag-secretario-general-de-la-oea"],"_links":{"self":[{"href":"https:\/\/contraluzcucuta.co\/index.php?rest_route=\/wp\/v2\/posts\/25070","targetHints":{"allow":["GET"]}}],"collection":[{"href":"https:\/\/contraluzcucuta.co\/index.php?rest_route=\/wp\/v2\/posts"}],"about":[{"href":"https:\/\/contraluzcucuta.co\/index.php?rest_route=\/wp\/v2\/types\/post"}],"author":[{"embeddable":true,"href":"https:\/\/contraluzcucuta.co\/index.php?rest_route=\/wp\/v2\/users\/1"}],"replies":[{"embeddable":true,"href":"https:\/\/contraluzcucuta.co\/index.php?rest_route=%2Fwp%2Fv2%2Fcomments&post=25070"}],"version-history":[{"count":1,"href":"https:\/\/contraluzcucuta.co\/index.php?rest_route=\/wp\/v2\/posts\/25070\/revisions"}],"predecessor-version":[{"id":25072,"href":"https:\/\/contraluzcucuta.co\/index.php?rest_route=\/wp\/v2\/posts\/25070\/revisions\/25072"}],"wp:featuredmedia":[{"embeddable":true,"href":"https:\/\/contraluzcucuta.co\/index.php?rest_route=\/wp\/v2\/media\/25071"}],"wp:attachment":[{"href":"https:\/\/contraluzcucuta.co\/index.php?rest_route=%2Fwp%2Fv2%2Fmedia&parent=25070"}],"wp:term":[{"taxonomy":"category","embeddable":true,"href":"https:\/\/contraluzcucuta.co\/index.php?rest_route=%2Fwp%2Fv2%2Fcategories&post=25070"},{"taxonomy":"post_tag","embeddable":true,"href":"https:\/\/contraluzcucuta.co\/index.php?rest_route=%2Fwp%2Fv2%2Ftags&post=25070"}],"curies":[{"name":"wp","href":"https:\/\/api.w.org\/{rel}","templated":true}]}}