{"id":25064,"date":"2015-09-03T19:38:21","date_gmt":"2015-09-04T00:38:21","guid":{"rendered":"http:\/\/contraluzcucuta.co\/?p=25064"},"modified":"2015-09-07T16:11:45","modified_gmt":"2015-09-07T21:11:45","slug":"proclama-nos-declaramos-en-republica-oriental-de-colombia","status":"publish","type":"post","link":"https:\/\/contraluzcucuta.co\/?p=25064","title":{"rendered":"PROCLAMA. \u201cNos declaramos en Rep\u00fablica Oriental de Colombia\u201d"},"content":{"rendered":"<p><strong>C\u00daCUTA.-<\/strong> No\u00a0 acompa\u00f1a ni\u00a0\u00a0anima protagonismo personal o individual, nos anima e incita la vivencia de esta profunda crisis fronteriza,\u00a0que requiere\u00a0salidas reales\u00a0y estas\u00a0est\u00e1n en nuestras manos.\u00a0No ser\u00e1\u00a0Bogot\u00e1\u00a0ni Caracas, las que determinen nuestro destino econ\u00f3mico, pol\u00edtico y social. Por tanto como regi\u00f3n desde hoy nos declaramos en\u00a0Rep\u00fablica Oriental de Colombia en Suram\u00e9rica.<\/p>\n<p>Hemos tomado\u00a0esta determinaci\u00f3n\u00a0movidos por\u00a0\u00a0la tibieza\u00a0 con la que el presidente de Colombia y un grupo de desconocidos vinieron a hacer\u00a0<em>lobby<\/em><em>\u00a0<\/em>a C\u00facuta,\u00a0sin que a su paso nos dejaran soluciones a la crisis que padecemos.\u00a0Resolvemos iniciar desde un\u00a0ciclo de conferencias, talleres y\u00a0encuentros tendientes a socializar nuestra independencia como regi\u00f3n.<\/p>\n<p>Aunque para muchos pareciera descabellada, loca, salida de tono esta propuesta, no es otra cosa que\u00a0 hacer uso de la herramienta que\u00a0 tenemos en las manos y debajo de la cintura. No podemos seguir invocando a nuestros\u00a0<em>padres<\/em><em>\u00a0<\/em><em>libertadores<\/em>\u00a0que en su tiempo fueron\u00a0obligados\u00a0por las circunstancias a hacer lo mismo que hoy nos toca hacer.<\/p>\n<p><em>Sim\u00f3n<\/em>\u00a0<em>\u00a0<\/em><em>Bol\u00edvar<\/em><em>\u00a0<\/em><em>y Francisco de Paula Santander<\/em>\u00a0hicieron lo suyo, ahora nos toca a los que estamos con vida mirar la forma de desarrollar a esta incre\u00edble regi\u00f3n del\u00a0mundo,\u00a0tierra prometida que mana leche y miel, petr\u00f3leo, gas natural, energ\u00eda e\u00f3lica y solar,\u00a0carboqu\u00edmica, industrias de la arcilla, aguas abundantes,\u00a0todos los pisos t\u00e9rmicos e inclusive salida al mar, con lo cual podremos abastecer de suficiente comida y elevar\u00a0con\u00a0la trasformaci\u00f3n y maquila la calidad de vida.<\/p>\n<p>Si bien es cierto el territorio propuesto es m\u00e1s grande que el Estado de\u00a0Israel, y muchos\u00a0otros pa\u00edses\u00a0con tantas limitaciones comparativas\u00a0a\u00a0las nuestras como regi\u00f3n.\u00a0Y que actualmente son potencias mundiales.\u00a0Nada nos hace inferiores a ser como ellos.<\/p>\n<p>El desd\u00e9n del gobierno central, la corrompida clase pol\u00edtica y la falta de proyecci\u00f3n real que ni siquiera se anuncia,\u00a0\u00a0nos obligan a\u00a0 lo\u00a0que ahora proponemos:<\/p>\n<p>1.- El turismo como rengl\u00f3n fundamental de la econom\u00eda, pues tenemos todo dado para que esta actividad sea plenamente desarrollada.<\/p>\n<p>2.-\u00a0En industria daremos prioridad a los siguientes rubros:<\/p>\n<p>Plantas\u00a0carboqu\u00edmicas. Para fabricar\u00a0policarbonatos,\u00a0fibra de carbono para\u00a0aviones y autos de carreras, bicicletas, grafeno para uso en computadores, fibras para chalecos antibalas y blindajes, nanotecnolog\u00eda derivada del carbono, gasolina del carb\u00f3n.<\/p>\n<p>Petroqu\u00edmicas. Gasolina de alto octanaje en venta directa a los\u00a0consumidores, pl\u00e1sticos, abonos, detergentes, aceites de motor.<\/p>\n<p>Arcilla. Explotaci\u00f3n y usos industriales distintos de las tejas y pisos como vajillas, piezas ornamentales de arte, bloques cer\u00e1micos para motores.<\/p>\n<p>Industria de arena\u00a0s\u00edlica. Para elaborar en serie\u00a0paneles\u00a0solares, abonos, vidrios y cristales, pegantes de siliconas,\u00a0s\u00edlica\u00a0gel como desecantes, papel de lija,\u00a0entre otros.<\/p>\n<p>Gas\u00a0natural. Trasformaci\u00f3n\u00a0en nailon, aspirinas, pl\u00e1sticos, helio, LPG, y por \u00faltimo gas para nuestros\u00a0hogares a precios solidarios y mover el parque automotor con gas naturales y biocombustibles elaborados aqu\u00ed.<\/p>\n<p>Exportaci\u00f3n de carne de caballo y de especies menores de alta demanda en el mundo.<\/p>\n<p>Para\u00a0ello se requiere\u00a0de\u00a0\u00a0una nueva cultura basada en la disciplina, la honestidad y la imaginaci\u00f3n, siendo\u00a0\u00a0apenas\u00a0una muestra inicial de los alcances y posibilidades que tenemos como\u00a0nuevo\u00a0que presentamos\u00a0\u00a0a la consideraci\u00f3n de inversionistas\u00a0locales y los que deseen involucrarse en estas inversiones\u00a0y\u00a0\u00a0din\u00e1micas\u00a0\u00a0de clase mundial.<\/p>\n<p>Convocamos a las regiones lim\u00edtrofes que deseen\u00a0anexarse territorialmente al\u00a0nuevo\u00a0<em>ente pol\u00edtico<\/em>\u00a0\u00a0que se crea a partir de la fecha para el cual se\u00a0redacta\u00a0la constituci\u00f3n\u00a0pol\u00edtica\u00a0y la cartograf\u00eda inicial.<\/p>\n<p>Oficialmente hoy damos\u00a0a conocer al mundo\u00a0esta proclama ciudadana, basada en la libre\u00a0determinaci\u00f3n\u00a0\u00a0de los pueblos para\u00a0escoger la forma de gobierno.<\/p>\n<p>Invitamos a un foro abierto\u00a0\u00a0\u00a0en el templo hist\u00f3rico\u00a0\u00a0de Villa del Rosario cuna de la Rep\u00fablica de Colombia, en fecha\u00a0que pr\u00f3ximamente daremos a conocer.<\/p>\n<p><strong>ALVARO CRISTANCHO TOSCANO (escritor)<\/strong><\/p>\n<p><strong>FABIO HUERTAS M.<\/strong>\u00a0(periodista)<\/p>\n<p>Foto: Juan Pablo Bello<\/p>\n<p>Presidencia de la Rep\u00fablica<\/p>\n<p>&nbsp; <\/p>\n","protected":false},"excerpt":{"rendered":"<p>C\u00daCUTA.- No\u00a0 acompa\u00f1a ni\u00a0\u00a0anima protagonismo personal o individual, nos anima e incita la vivencia de esta profunda crisis fronteriza,\u00a0que requiere\u00a0salidas reales\u00a0y estas\u00a0est\u00e1n en nuestras manos.\u00a0No ser\u00e1\u00a0Bogot\u00e1\u00a0ni Caracas, las que determinen nuestro destino econ\u00f3mico, pol\u00edtico y social. Por tanto como regi\u00f3n desde hoy nos declaramos en\u00a0Rep\u00fablica Oriental de Colombia en Suram\u00e9rica. Hemos tomado\u00a0esta determinaci\u00f3n\u00a0movidos por\u00a0\u00a0la tibieza\u00a0 &hellip;<\/p>\n","protected":false},"author":1,"featured_media":25065,"comment_status":"open","ping_status":"open","sticky":false,"template":"","format":"standard","meta":{"footnotes":""},"categories":[7,6],"tags":[2483,2487],"class_list":["post-25064","post","type-post","status-publish","format-standard","has-post-thumbnail","hentry","category-acontecimientos","category-ojo-avizor","tag-crisis-en-la-frontera","tag-deportados"],"_links":{"self":[{"href":"https:\/\/contraluzcucuta.co\/index.php?rest_route=\/wp\/v2\/posts\/25064","targetHints":{"allow":["GET"]}}],"collection":[{"href":"https:\/\/contraluzcucuta.co\/index.php?rest_route=\/wp\/v2\/posts"}],"about":[{"href":"https:\/\/contraluzcucuta.co\/index.php?rest_route=\/wp\/v2\/types\/post"}],"author":[{"embeddable":true,"href":"https:\/\/contraluzcucuta.co\/index.php?rest_route=\/wp\/v2\/users\/1"}],"replies":[{"embeddable":true,"href":"https:\/\/contraluzcucuta.co\/index.php?rest_route=%2Fwp%2Fv2%2Fcomments&post=25064"}],"version-history":[{"count":1,"href":"https:\/\/contraluzcucuta.co\/index.php?rest_route=\/wp\/v2\/posts\/25064\/revisions"}],"predecessor-version":[{"id":25066,"href":"https:\/\/contraluzcucuta.co\/index.php?rest_route=\/wp\/v2\/posts\/25064\/revisions\/25066"}],"wp:featuredmedia":[{"embeddable":true,"href":"https:\/\/contraluzcucuta.co\/index.php?rest_route=\/wp\/v2\/media\/25065"}],"wp:attachment":[{"href":"https:\/\/contraluzcucuta.co\/index.php?rest_route=%2Fwp%2Fv2%2Fmedia&parent=25064"}],"wp:term":[{"taxonomy":"category","embeddable":true,"href":"https:\/\/contraluzcucuta.co\/index.php?rest_route=%2Fwp%2Fv2%2Fcategories&post=25064"},{"taxonomy":"post_tag","embeddable":true,"href":"https:\/\/contraluzcucuta.co\/index.php?rest_route=%2Fwp%2Fv2%2Ftags&post=25064"}],"curies":[{"name":"wp","href":"https:\/\/api.w.org\/{rel}","templated":true}]}}