{"id":25061,"date":"2015-09-02T16:43:29","date_gmt":"2015-09-02T21:43:29","guid":{"rendered":"http:\/\/contraluzcucuta.co\/?p=25061"},"modified":"2015-09-02T16:43:29","modified_gmt":"2015-09-02T21:43:29","slug":"aguas-kpital-guardianes-del-planeta-kpital-cucuta","status":"publish","type":"post","link":"https:\/\/contraluzcucuta.co\/?p=25061","title":{"rendered":"AGUAS KPITAL. \u2018Guardianes del Planeta Kpital C\u00facuta\u2019"},"content":{"rendered":"<p><strong>C\u00daCUTA.-<\/strong> El programa \u2018Guardianes del Planeta Kpital C\u00facuta\u2019 extiende en los ni\u00f1os un pensamiento de cuidado y protecci\u00f3n del medio ambiente. La primera fase se cumpli\u00f3 en la Instituci\u00f3n Educativa Carlos Ram\u00edrez Par\u00eds.<\/p>\n<p>La empresa desarroll\u00f3 talleres ambientales con estudiantes del tercer grado de la Instituci\u00f3n educativa para recordarles la importancia de cuidar los recursos naturales y ense\u00f1arles el papel fundamental que juegan en la protecci\u00f3n de la naturaleza.<\/p>\n<p>Entre las actividades cumplidas en la jornada destacan el incentivo a la expresi\u00f3n art\u00edstica mediante diferentes materiales. Los ni\u00f1os elaboraron de carteleras en las que expusieron claros mensajes sobre los conocimientos adquiridos en los procesos previos de capacitaci\u00f3n.<\/p>\n<p>Los estudiantes que mostraron mayor compromiso con los talleres y tuvieron mejor rendimiento acad\u00e9mico y comportamiento fueron seleccionados como \u2018Guardianes del Planeta\u2019, como motivaci\u00f3n escolar. Adem\u00e1s, ser\u00e1n los encargados de difundir los mensajes ambientales en la instituci\u00f3n y en las familias.<\/p>\n<p>La siguiente fase del programa consiste en la selecci\u00f3n de otros 20 ni\u00f1os pertenecientes a otras sedes educativas, que conformar\u00e1n el gran campamento de \u2018Guardianes del Planeta Kpital C\u00facuta\u2019. Cuarenta ni\u00f1os disfrutar\u00e1n de m\u00faltiples actividades l\u00fadico \u2013 recreativas que se llevar\u00e1n a cabo en la sede \u2018El P\u00f3rtico\u2019 de la empresa de servicios p\u00fablicos.<\/p>\n<p><strong>Foto: PRENSA AGUAS KPITAL<\/strong><\/p>\n<p>&nbsp; <\/p>\n","protected":false},"excerpt":{"rendered":"<p>C\u00daCUTA.- El programa \u2018Guardianes del Planeta Kpital C\u00facuta\u2019 extiende en los ni\u00f1os un pensamiento de cuidado y protecci\u00f3n del medio ambiente. La primera fase se cumpli\u00f3 en la Instituci\u00f3n Educativa Carlos Ram\u00edrez Par\u00eds. La empresa desarroll\u00f3 talleres ambientales con estudiantes del tercer grado de la Instituci\u00f3n educativa para recordarles la importancia de cuidar los recursos &hellip;<\/p>\n","protected":false},"author":1,"featured_media":25062,"comment_status":"open","ping_status":"open","sticky":false,"template":"","format":"standard","meta":{"footnotes":""},"categories":[541,6],"tags":[248,2499,2500],"class_list":["post-25061","post","type-post","status-publish","format-standard","has-post-thumbnail","hentry","category-ciudad","category-ojo-avizor","tag-aguas-kpital","tag-guardianes-del-planeta-kpital-cucuta","tag-institucion-educativa-carlos-ramirez-paris"],"_links":{"self":[{"href":"https:\/\/contraluzcucuta.co\/index.php?rest_route=\/wp\/v2\/posts\/25061","targetHints":{"allow":["GET"]}}],"collection":[{"href":"https:\/\/contraluzcucuta.co\/index.php?rest_route=\/wp\/v2\/posts"}],"about":[{"href":"https:\/\/contraluzcucuta.co\/index.php?rest_route=\/wp\/v2\/types\/post"}],"author":[{"embeddable":true,"href":"https:\/\/contraluzcucuta.co\/index.php?rest_route=\/wp\/v2\/users\/1"}],"replies":[{"embeddable":true,"href":"https:\/\/contraluzcucuta.co\/index.php?rest_route=%2Fwp%2Fv2%2Fcomments&post=25061"}],"version-history":[{"count":1,"href":"https:\/\/contraluzcucuta.co\/index.php?rest_route=\/wp\/v2\/posts\/25061\/revisions"}],"predecessor-version":[{"id":25063,"href":"https:\/\/contraluzcucuta.co\/index.php?rest_route=\/wp\/v2\/posts\/25061\/revisions\/25063"}],"wp:featuredmedia":[{"embeddable":true,"href":"https:\/\/contraluzcucuta.co\/index.php?rest_route=\/wp\/v2\/media\/25062"}],"wp:attachment":[{"href":"https:\/\/contraluzcucuta.co\/index.php?rest_route=%2Fwp%2Fv2%2Fmedia&parent=25061"}],"wp:term":[{"taxonomy":"category","embeddable":true,"href":"https:\/\/contraluzcucuta.co\/index.php?rest_route=%2Fwp%2Fv2%2Fcategories&post=25061"},{"taxonomy":"post_tag","embeddable":true,"href":"https:\/\/contraluzcucuta.co\/index.php?rest_route=%2Fwp%2Fv2%2Ftags&post=25061"}],"curies":[{"name":"wp","href":"https:\/\/api.w.org\/{rel}","templated":true}]}}