{"id":25021,"date":"2015-08-29T09:52:09","date_gmt":"2015-08-29T14:52:09","guid":{"rendered":"http:\/\/contraluzcucuta.co\/?p=25021"},"modified":"2015-09-01T21:27:58","modified_gmt":"2015-09-02T02:27:58","slug":"relevo-en-fenalco-pedro-marun-remplaza-a-rodolfo-mora-en-la-presidencia","status":"publish","type":"post","link":"https:\/\/contraluzcucuta.co\/?p=25021","title":{"rendered":"RELEVO EN FENALCO. Pedro Mar\u00fan remplaza a Rodolfo Mora en la presidencia\u00a0"},"content":{"rendered":"<p><strong>C\u00daCUTA.-<\/strong> El economista y abogado Pedro Alejandro Mar\u00fan Meyer asumi\u00f3 la presidencia de la Federaci\u00f3n Nacional de Comerciantes (Fenalco), seccional Norte de Santander. El empresario cont\u00f3 con el respaldo dela directiva del gremio y estar\u00e1 en el cargo en el periodo 2015 \u2013 2017. Remplaza a Rodolfo Mora, quien renunci\u00f3 en d\u00edas pasados.<\/p>\n<p>La mesa directiva, en cumplimiento de los estatutos\u00a0 que los rigen, eligi\u00f3 por unanimidad a Mar\u00fan Meyer. Lo acompa\u00f1ar\u00e1n en la\u00a0 primera vicepresidencia Gabriel Garc\u00eda Acevedo\u00a0 y en la segunda vicepresidencia Juan Esteban Pe\u00f1alosa.<\/p>\n<p>La trayectoria nacional y regional, con presencia en varias empresas de diferentes sectores\u00a0 econ\u00f3micos, hacen del nuevo presidente un conocedor de los problemas comerciales del pa\u00eds. En el momento Pedro Mar\u00fan es vicepresidente de Fenalco &#8211; Bogot\u00e1 y vicepresidente nacional.<\/p>\n<p>Mar\u00fan Meyer\u00a0 inst\u00f3 a los\u00a0 empresarios representantes del gremio a\u00a0 trabajar\u00a0 en equipo para hacerles frente de la mejor manera a\u00a0 los momentos que vive la ciudad. A los empresarios de la regi\u00f3n los llam\u00f3 a asumir el compromiso \u201cque no seremos inferiores a este reto que\u00a0 esta\u00a0 frontera nos impone\u201d.<\/p>\n<p>Garc\u00eda Acevedo es gerente propietario de comidas r\u00e1pidas Los Carritos, representante del sector\u00a0 turismo y servicios, subsector restaurantes,\u00a0\u00a0 en la junta directiva. Dedicado a las labores gremiales durante m\u00e1s de 20 a\u00f1os, lo que le ha permitido adelantar varios proyectos en la seccional.<\/p>\n<p>Pe\u00f1alosa Arg\u00fcijo, ingeniero mec\u00e1nico con especializaci\u00f3n en automatizaci\u00f3n industrial\u00a0 rob\u00f3tica, con\u00a0 maestr\u00eda en mercadeo, es gerente de la firma M.A. Pe\u00f1alosa y Cia., la cual tiene 65 a\u00f1os. Representa la\u00a0 segunda generaci\u00f3n de\u00a0 la compa\u00f1\u00eda. Es gerente de La Tienda del Constructor y\u00a0 directivo de la compa\u00f1\u00eda Global Mark.<\/p>\n<p><strong>Foto: PRENSA FENALCO<\/strong><\/p>\n<p>&nbsp; <\/p>\n","protected":false},"excerpt":{"rendered":"<p>C\u00daCUTA.- El economista y abogado Pedro Alejandro Mar\u00fan Meyer asumi\u00f3 la presidencia de la Federaci\u00f3n Nacional de Comerciantes (Fenalco), seccional Norte de Santander. El empresario cont\u00f3 con el respaldo dela directiva del gremio y estar\u00e1 en el cargo en el periodo 2015 \u2013 2017. Remplaza a Rodolfo Mora, quien renunci\u00f3 en d\u00edas pasados. La mesa &hellip;<\/p>\n","protected":false},"author":1,"featured_media":25022,"comment_status":"open","ping_status":"open","sticky":false,"template":"","format":"standard","meta":{"footnotes":""},"categories":[541,32],"tags":[1526,2488,510],"class_list":["post-25021","post","type-post","status-publish","format-standard","has-post-thumbnail","hentry","category-ciudad","category-recorrido-por-la-region","tag-fenalco-norte-de-santander","tag-pedro-marun-meyer","tag-rodolfo-mora-mora"],"_links":{"self":[{"href":"https:\/\/contraluzcucuta.co\/index.php?rest_route=\/wp\/v2\/posts\/25021","targetHints":{"allow":["GET"]}}],"collection":[{"href":"https:\/\/contraluzcucuta.co\/index.php?rest_route=\/wp\/v2\/posts"}],"about":[{"href":"https:\/\/contraluzcucuta.co\/index.php?rest_route=\/wp\/v2\/types\/post"}],"author":[{"embeddable":true,"href":"https:\/\/contraluzcucuta.co\/index.php?rest_route=\/wp\/v2\/users\/1"}],"replies":[{"embeddable":true,"href":"https:\/\/contraluzcucuta.co\/index.php?rest_route=%2Fwp%2Fv2%2Fcomments&post=25021"}],"version-history":[{"count":1,"href":"https:\/\/contraluzcucuta.co\/index.php?rest_route=\/wp\/v2\/posts\/25021\/revisions"}],"predecessor-version":[{"id":25023,"href":"https:\/\/contraluzcucuta.co\/index.php?rest_route=\/wp\/v2\/posts\/25021\/revisions\/25023"}],"wp:featuredmedia":[{"embeddable":true,"href":"https:\/\/contraluzcucuta.co\/index.php?rest_route=\/wp\/v2\/media\/25022"}],"wp:attachment":[{"href":"https:\/\/contraluzcucuta.co\/index.php?rest_route=%2Fwp%2Fv2%2Fmedia&parent=25021"}],"wp:term":[{"taxonomy":"category","embeddable":true,"href":"https:\/\/contraluzcucuta.co\/index.php?rest_route=%2Fwp%2Fv2%2Fcategories&post=25021"},{"taxonomy":"post_tag","embeddable":true,"href":"https:\/\/contraluzcucuta.co\/index.php?rest_route=%2Fwp%2Fv2%2Ftags&post=25021"}],"curies":[{"name":"wp","href":"https:\/\/api.w.org\/{rel}","templated":true}]}}