{"id":25018,"date":"2015-08-27T21:23:28","date_gmt":"2015-08-28T02:23:28","guid":{"rendered":"http:\/\/contraluzcucuta.co\/?p=25018"},"modified":"2015-08-29T18:22:01","modified_gmt":"2015-08-29T23:22:01","slug":"deportados-ministro-de-defensa-y-general-palomino-visitaron-a-los-desplazados","status":"publish","type":"post","link":"https:\/\/contraluzcucuta.co\/?p=25018","title":{"rendered":"DEPORTADOS. \u00a0Ministro de Defensa y general Palomino visitaron a los desplazados"},"content":{"rendered":"<p><strong>C\u00daCUTA.- <\/strong>El Ministerio de Defensa y la Polic\u00eda llegaron con ayudas, entregadas a m\u00e1s de un centenar de connacionales provenientes del vecino pa\u00eds. Actualmente reciben atenci\u00f3n en un albergue local.<\/p>\n<p>Luis Carlos Villegas, ministro de Defensa, y el general Rodolfo Palomino L\u00f3pez, director de la Polic\u00eda recorrieron \u00a0el coliseo del colegio Municipal de Bachillerato, para saludar y reafirmar su solidaridad a m\u00e1s de un centenar de adultos,\u00a0 j\u00f3venes y poblaci\u00f3n infantil.<\/p>\n<p>Cientos de kits, con elementos para uso personal, y prendas de vestir los entregados a madres de familia, se\u00f1ores y j\u00f3venes que con una sonrisa y diferentes expresiones agradecieron el acompa\u00f1amiento permanente que se viene realizando a las personas que est\u00e1n en los refugios improvisados en la zona lim\u00edtrofe con Venezuela y los albergues habilitados en C\u00facuta y Villa del Rosario.<\/p>\n<p>En el recorrido escucharon a 200 personas y diversas historias de vida contadas por hombres y mujeres. Con l\u00e1grimas y un nudo en la garganta hicieron remembranza de la experiencia vivida durante su proceso de retorno a territorio colombiano.<\/p>\n<p>La visita fue aprovechada para recorrer la carpa de primeros auxilios y atenci\u00f3n que se tiene habilitada en el albergue. Efectivos del Grupo de Operaciones Especiales en Emergencias y Desastres (Ponalsar) de la Polic\u00eda Nacional, junto con m\u00e9dicos y organismos de socorro brinda atenci\u00f3n prioritaria, especialmente para menores de edad, mujeres embarazadas y adultos mayores.<\/p>\n<p>Los m\u00e1s peque\u00f1os tambi\u00e9n fueron protagonistas de la jornada, quienes sin a\u00fan poder entender lo que est\u00e1 pasando, solo sonre\u00edan ante las caricias de los visitantes que llegaron con ayudas para sus familias.<\/p>\n<p><strong>Foto: PRENSA MECUC<\/strong><\/p>\n<p>&nbsp; <\/p>\n","protected":false},"excerpt":{"rendered":"<p>C\u00daCUTA.- El Ministerio de Defensa y la Polic\u00eda llegaron con ayudas, entregadas a m\u00e1s de un centenar de connacionales provenientes del vecino pa\u00eds. Actualmente reciben atenci\u00f3n en un albergue local. Luis Carlos Villegas, ministro de Defensa, y el general Rodolfo Palomino L\u00f3pez, director de la Polic\u00eda recorrieron \u00a0el coliseo del colegio Municipal de Bachillerato, para &hellip;<\/p>\n","protected":false},"author":1,"featured_media":25019,"comment_status":"open","ping_status":"open","sticky":false,"template":"","format":"standard","meta":{"footnotes":""},"categories":[11,36],"tags":[2487,250],"class_list":["post-25018","post","type-post","status-publish","format-standard","has-post-thumbnail","hentry","category-cronica-roja","category-la-voz-del-pueblo","tag-deportados","tag-ministerio-de-defensa"],"_links":{"self":[{"href":"https:\/\/contraluzcucuta.co\/index.php?rest_route=\/wp\/v2\/posts\/25018","targetHints":{"allow":["GET"]}}],"collection":[{"href":"https:\/\/contraluzcucuta.co\/index.php?rest_route=\/wp\/v2\/posts"}],"about":[{"href":"https:\/\/contraluzcucuta.co\/index.php?rest_route=\/wp\/v2\/types\/post"}],"author":[{"embeddable":true,"href":"https:\/\/contraluzcucuta.co\/index.php?rest_route=\/wp\/v2\/users\/1"}],"replies":[{"embeddable":true,"href":"https:\/\/contraluzcucuta.co\/index.php?rest_route=%2Fwp%2Fv2%2Fcomments&post=25018"}],"version-history":[{"count":1,"href":"https:\/\/contraluzcucuta.co\/index.php?rest_route=\/wp\/v2\/posts\/25018\/revisions"}],"predecessor-version":[{"id":25020,"href":"https:\/\/contraluzcucuta.co\/index.php?rest_route=\/wp\/v2\/posts\/25018\/revisions\/25020"}],"wp:featuredmedia":[{"embeddable":true,"href":"https:\/\/contraluzcucuta.co\/index.php?rest_route=\/wp\/v2\/media\/25019"}],"wp:attachment":[{"href":"https:\/\/contraluzcucuta.co\/index.php?rest_route=%2Fwp%2Fv2%2Fmedia&parent=25018"}],"wp:term":[{"taxonomy":"category","embeddable":true,"href":"https:\/\/contraluzcucuta.co\/index.php?rest_route=%2Fwp%2Fv2%2Fcategories&post=25018"},{"taxonomy":"post_tag","embeddable":true,"href":"https:\/\/contraluzcucuta.co\/index.php?rest_route=%2Fwp%2Fv2%2Ftags&post=25018"}],"curies":[{"name":"wp","href":"https:\/\/api.w.org\/{rel}","templated":true}]}}