{"id":25013,"date":"2015-08-27T20:57:51","date_gmt":"2015-08-28T01:57:51","guid":{"rendered":"http:\/\/contraluzcucuta.co\/?p=25013"},"modified":"2015-08-29T09:56:14","modified_gmt":"2015-08-29T14:56:14","slug":"velada-cultural-risas-historias-y-buena-musica","status":"publish","type":"post","link":"https:\/\/contraluzcucuta.co\/?p=25013","title":{"rendered":"VELADA CULTURAL. Risas, historias y buena m\u00fasica"},"content":{"rendered":"<p><strong>C\u00daCUTA.-<\/strong> Aguas Kpital C\u00facuta prepar\u00f3 para este viernes una velada especial que iniciar\u00e1 a las 6:00 de la tarde en el costado oriental de la glorieta Arnulfo Brice\u00f1o, al lado del CAI de Polic\u00eda y de la pista de patinaje. Los asistentes disfrutar\u00e1n, entre risas, de las m\u00faltiples historias que traen los participantes del S\u00e9ptimo Festival Internacional de Cuenteros de Norte de Santander. Se suma el toque musical a cargo de la agrupaci\u00f3n C\u00f3digo 2.<\/p>\n<p>La funci\u00f3n de Gala permitir\u00e1 presentar a los cuenteros Mart\u00edn Boris C\u00e9spedes Vargas (Bolivia), Fernando Vladimir C\u00e1rdenas (Colombia), Flora Ovalles (Venezuela), Boniface Ofogo Nkama (Camer\u00fan), Edgar Roberto Ojeda Calder\u00f3n (Venezuela) y Nelson Dar\u00edo Calder\u00f3n Jim\u00e9nez (Espa\u00f1a).<\/p>\n<p>Los artistas amenizar\u00e1n la noche con graciosas y curiosas historias, las cuales siempre dejan una reflexi\u00f3n de unidad, paz y tolerancia.<\/p>\n<p>C\u00f3digo 2 es un grupo de la regi\u00f3n, con amplio repertorio musical que va desde lo m\u00e1s rom\u00e1ntico hasta lo m\u00e1s fiestero del g\u00e9nero tropical. Los asistentes disfrutar\u00e1n y cantar\u00e1n las canciones de estos g\u00e9neros.<\/p>\n<p>Los objetivos de estas actividades promovidas por Aguas Kpital son:<\/p>\n<p>1.- Generaci\u00f3n de bellos espacios de esparcimiento para la capital nortesantandereana<\/p>\n<p>2.- Promover el desarrollo cultural y art\u00edstico en la regi\u00f3n<\/p>\n<p>3.- Fortalecer las relaciones entre la comunidad y la empresa de servicios p\u00fablicos.<\/p>\n<p>Foto: PRENSA AGUAS KPITAL<\/p>\n<p>&nbsp;<\/p>\n<p>&nbsp; <\/p>\n","protected":false},"excerpt":{"rendered":"<p>C\u00daCUTA.- Aguas Kpital C\u00facuta prepar\u00f3 para este viernes una velada especial que iniciar\u00e1 a las 6:00 de la tarde en el costado oriental de la glorieta Arnulfo Brice\u00f1o, al lado del CAI de Polic\u00eda y de la pista de patinaje. Los asistentes disfrutar\u00e1n, entre risas, de las m\u00faltiples historias que traen los participantes del S\u00e9ptimo &hellip;<\/p>\n","protected":false},"author":1,"featured_media":25014,"comment_status":"open","ping_status":"open","sticky":false,"template":"","format":"standard","meta":{"footnotes":""},"categories":[6],"tags":[248,2257],"class_list":["post-25013","post","type-post","status-publish","format-standard","has-post-thumbnail","hentry","category-ojo-avizor","tag-aguas-kpital","tag-veladas-culturales"],"_links":{"self":[{"href":"https:\/\/contraluzcucuta.co\/index.php?rest_route=\/wp\/v2\/posts\/25013","targetHints":{"allow":["GET"]}}],"collection":[{"href":"https:\/\/contraluzcucuta.co\/index.php?rest_route=\/wp\/v2\/posts"}],"about":[{"href":"https:\/\/contraluzcucuta.co\/index.php?rest_route=\/wp\/v2\/types\/post"}],"author":[{"embeddable":true,"href":"https:\/\/contraluzcucuta.co\/index.php?rest_route=\/wp\/v2\/users\/1"}],"replies":[{"embeddable":true,"href":"https:\/\/contraluzcucuta.co\/index.php?rest_route=%2Fwp%2Fv2%2Fcomments&post=25013"}],"version-history":[{"count":1,"href":"https:\/\/contraluzcucuta.co\/index.php?rest_route=\/wp\/v2\/posts\/25013\/revisions"}],"predecessor-version":[{"id":25015,"href":"https:\/\/contraluzcucuta.co\/index.php?rest_route=\/wp\/v2\/posts\/25013\/revisions\/25015"}],"wp:featuredmedia":[{"embeddable":true,"href":"https:\/\/contraluzcucuta.co\/index.php?rest_route=\/wp\/v2\/media\/25014"}],"wp:attachment":[{"href":"https:\/\/contraluzcucuta.co\/index.php?rest_route=%2Fwp%2Fv2%2Fmedia&parent=25013"}],"wp:term":[{"taxonomy":"category","embeddable":true,"href":"https:\/\/contraluzcucuta.co\/index.php?rest_route=%2Fwp%2Fv2%2Fcategories&post=25013"},{"taxonomy":"post_tag","embeddable":true,"href":"https:\/\/contraluzcucuta.co\/index.php?rest_route=%2Fwp%2Fv2%2Ftags&post=25013"}],"curies":[{"name":"wp","href":"https:\/\/api.w.org\/{rel}","templated":true}]}}