{"id":25006,"date":"2015-08-27T18:49:15","date_gmt":"2015-08-27T23:49:15","guid":{"rendered":"http:\/\/contraluzcucuta.co\/?p=25006"},"modified":"2015-08-29T17:09:08","modified_gmt":"2015-08-29T22:09:08","slug":"deportados-comite-intergremial-se-declaro-en-alerta-amarilla","status":"publish","type":"post","link":"https:\/\/contraluzcucuta.co\/?p=25006","title":{"rendered":"DEPORTADOS. Comit\u00e9 Intergremial se declar\u00f3 en \u2018alerta amarilla\u2019"},"content":{"rendered":"<p><strong>C\u00daCUTA.-<\/strong> El Comit\u00e9 Intergremial de Norte de Santander protest\u00f3 y objet\u00f3 la incomprensi\u00f3n pol\u00edtica del gobierno venezolano, expresada en el maltrato y desprecio a los colombianos asentados en el estado T\u00e1chira. M\u00e1s de un millar de nacional ha regresado al pa\u00eds, luego de ser expulsados por la guardia bolivariana.<\/p>\n<p>Centenares de adultos y ni\u00f1os han llegado a C\u00facuta desde los municipios fronterizos en busca de refugio. En suelo tachirense dejaron familia, vivienda, enseres y objetos de valor. El paso tortuoso a la capital del departamento se ha cumplido por el r\u00edo T\u00e1chira.<\/p>\n<p>El comunicado de la junta directiva se conoci\u00f3 en las \u00faltimas horas y est\u00e1 dirigido al presidente Juan Manuel Santos, al ministro del interior Juan Fernando Cristo, al gobernador Edgar D\u00edaz, al alcalde Donamaris Ram\u00edrez, a los presidentes del Senado Luis Fernando Velasco, de la C\u00e1mara Alfredo Deluque, de la Asamblea C\u00e9sar Lindarte y del Concejo de C\u00facuta, Eduardo Gerardino.<\/p>\n<p>En el documento, los voceros de los gremios regionales reprochan \u201cel descuido, el desgre\u00f1o y el desgano\u201d del Gobierno para solucionar los problemas de esta zona del pa\u00eds. Se quejaron porque desde Bogot\u00e1 solo llega la atenci\u00f3n cuando suceden inconvenientes significativos, como el desalojo de colombianos por parte del gobierno venezolano.<\/p>\n<p>El Comit\u00e9 hizo otros se\u00f1alamientos:<\/p>\n<p>1.- Resaltar la importancia de las relaciones tradicionales en la frontera.<\/p>\n<p>2.- Exigir al Gobierno soluciones puntuales de car\u00e1cter inmediato.<\/p>\n<p>3.- Solicitar al Gobierno el traslado al lugar de origen de los afectados por el desalojo para impedir el aumento de la poblaci\u00f3n flotante y desempleada en C\u00facuta.<\/p>\n<p>4.- Revisar los planes de seguridad ciudadana para evitar el aumento de la delincuencia.<\/p>\n<p>5.- Aprovechar la medida aplicada por el gobierno venezolano para ejercer control efectivo sobre el contrabando.<\/p>\n<p>6.- Proteger la producci\u00f3n nacional mediante la aplicaci\u00f3n de c\u00f3digos de \u00e9tica y responsabilidad contra la corrupci\u00f3n.<\/p>\n<p>7.- Demandar de la dirigencia pol\u00edtica regional soluciones a la situaci\u00f3n de la ciudad.<\/p>\n<p>8.- Solicitar al gobierno de Venezuela la apertura del paso por los puentes internacionales Sim\u00f3n Bol\u00edvar y Francisco de Paula Santander para permitir el tr\u00e1nsito de pasajeros y carga.<\/p>\n<p>El Comit\u00e9 Intergremial se declar\u00f3 \u201cen alerta permanente hasta tanto se solucionen los problemas colombo-venezolanos\u201d. Sugiri\u00f3 a la dirigencia regional aunar esfuerzos en la b\u00fasqueda del restablecimiento arm\u00f3nico de las relaciones y establecer pactos y acuerdos serios mediante una verdadera integraci\u00f3n fronteriza.<\/p>\n<p><strong>Foto: PRENSA MECUC<\/strong><\/p>\n<p>&nbsp;<\/p>\n<p>&nbsp; <\/p>\n","protected":false},"excerpt":{"rendered":"<p>C\u00daCUTA.- El Comit\u00e9 Intergremial de Norte de Santander protest\u00f3 y objet\u00f3 la incomprensi\u00f3n pol\u00edtica del gobierno venezolano, expresada en el maltrato y desprecio a los colombianos asentados en el estado T\u00e1chira. M\u00e1s de un millar de nacional ha regresado al pa\u00eds, luego de ser expulsados por la guardia bolivariana. Centenares de adultos y ni\u00f1os han &hellip;<\/p>\n","protected":false},"author":1,"featured_media":25007,"comment_status":"open","ping_status":"open","sticky":false,"template":"","format":"standard","meta":{"footnotes":""},"categories":[7,36],"tags":[418,2483,2487],"class_list":["post-25006","post","type-post","status-publish","format-standard","has-post-thumbnail","hentry","category-acontecimientos","category-la-voz-del-pueblo","tag-comite-intergremial","tag-crisis-en-la-frontera","tag-deportados"],"_links":{"self":[{"href":"https:\/\/contraluzcucuta.co\/index.php?rest_route=\/wp\/v2\/posts\/25006","targetHints":{"allow":["GET"]}}],"collection":[{"href":"https:\/\/contraluzcucuta.co\/index.php?rest_route=\/wp\/v2\/posts"}],"about":[{"href":"https:\/\/contraluzcucuta.co\/index.php?rest_route=\/wp\/v2\/types\/post"}],"author":[{"embeddable":true,"href":"https:\/\/contraluzcucuta.co\/index.php?rest_route=\/wp\/v2\/users\/1"}],"replies":[{"embeddable":true,"href":"https:\/\/contraluzcucuta.co\/index.php?rest_route=%2Fwp%2Fv2%2Fcomments&post=25006"}],"version-history":[{"count":1,"href":"https:\/\/contraluzcucuta.co\/index.php?rest_route=\/wp\/v2\/posts\/25006\/revisions"}],"predecessor-version":[{"id":25008,"href":"https:\/\/contraluzcucuta.co\/index.php?rest_route=\/wp\/v2\/posts\/25006\/revisions\/25008"}],"wp:featuredmedia":[{"embeddable":true,"href":"https:\/\/contraluzcucuta.co\/index.php?rest_route=\/wp\/v2\/media\/25007"}],"wp:attachment":[{"href":"https:\/\/contraluzcucuta.co\/index.php?rest_route=%2Fwp%2Fv2%2Fmedia&parent=25006"}],"wp:term":[{"taxonomy":"category","embeddable":true,"href":"https:\/\/contraluzcucuta.co\/index.php?rest_route=%2Fwp%2Fv2%2Fcategories&post=25006"},{"taxonomy":"post_tag","embeddable":true,"href":"https:\/\/contraluzcucuta.co\/index.php?rest_route=%2Fwp%2Fv2%2Ftags&post=25006"}],"curies":[{"name":"wp","href":"https:\/\/api.w.org\/{rel}","templated":true}]}}