{"id":25003,"date":"2015-08-26T22:22:09","date_gmt":"2015-08-27T03:22:09","guid":{"rendered":"http:\/\/contraluzcucuta.co\/?p=25003"},"modified":"2015-08-29T10:39:57","modified_gmt":"2015-08-29T15:39:57","slug":"deportados-en-colombia-ustedes-estan-en-su-casa-santos","status":"publish","type":"post","link":"https:\/\/contraluzcucuta.co\/?p=25003","title":{"rendered":"DEPORTADOS. \u201cEn Colombia ustedes est\u00e1n en su casa\u201d: Santos"},"content":{"rendered":"<p><strong><em>Declaraci\u00f3n del presidente Juan Manuel Santos al t\u00e9rmino de su visita a colombianos deportados en C\u00facuta<\/em><\/strong><\/p>\n<p>Estuvimos en uno de los albergues comentando, viendo directamente lo que pas\u00f3 con tantos colombianos que est\u00e1n sufriendo esta deportaci\u00f3n y acabamos de terminar una reuni\u00f3n con la Mesa de Unificaci\u00f3n Humanitaria, con todas las entidades que han venido ayudando en este proceso. Despu\u00e9s de estar con estos compatriotas que est\u00e1n en los albergues, escuchar sus historias, se le arruga a uno el coraz\u00f3n. Son historias desgarradoras.<\/p>\n<p>Como son las historias de los miles de colombianos que han sido deportados, 1097 deportados oficialmente y muchos m\u00e1s que se han venido producto del miedo, producto de la desesperaci\u00f3n.<\/p>\n<p>Lo he dicho desde que empez\u00f3 esta crisis y lo repito aqu\u00ed, desde C\u00facuta: nuestros compatriotas deportados y los de la zona de frontera cuentan, cuentan con un gobierno y cuentan con un pa\u00eds que los respalda.<\/p>\n<p>No es admisible, bajo ninguna circunstancia, la forma en que esos colombianos han sido expulsados del territorio venezolano: dejando atr\u00e1s hijos \u2013muchos de ellos ni\u00f1os, como la hija de 12 a\u00f1os de una se\u00f1ora que me cont\u00f3 su historia, y que se qued\u00f3 al otro lado de la frontera, mientras a su mam\u00e1 la sacaban de donde hab\u00eda vivido por a\u00f1os\u2013&#8230;<\/p>\n<p>Me dec\u00eda esta se\u00f1ora: \u2018me sacaron como a un perro\u2019. Les han destruido sus casas, sus pertenencias, sus documentos de identidad. Muchos me han comentado que los enga\u00f1aron. Les dec\u00edan: v\u00e1yanse para tal sitio por tal motivo y cuando llegaban, les ped\u00edan sus papeles, sus documentos, inclusive con c\u00e9dula venezolana, les romp\u00edan la c\u00e9dula venezolana. Si eran colombianos, los embarcaban y los deportaban.<\/p>\n<p>Algunos dicen que no es cierto, pero ese es el testimonio que a m\u00ed me han dado y el Defensor del Pueblo \u2013nuestro Defensor del Pueblo\u2013 va a ir a verificar con sus propios ojos la situaci\u00f3n de estas familias que quedaron adem\u00e1s, al otro lado de la frontera.<\/p>\n<p>Pero quiero decirles, con toda la indignaci\u00f3n que esto nos produce \u2013como colombiano y como Mandatario de este pa\u00eds\u2013 a estos deportados, a todos los que han regresado, que en Colombia ustedes est\u00e1n en su casa. No han regresado como extranjeros o como forasteros, \u00a1no son extra\u00f1os en su tierra!<\/p>\n<p>Aqu\u00ed los recibimos con los corazones y los brazos abiertos. Ustedes est\u00e1n llegando a su propia patria, a su hogar, y pueden tener la absoluta seguridad de que todo mi gobierno, todos \u2013y estoy seguro que todos los colombianos\u2013, haremos y estamos haciendo lo que est\u00e9 a nuestro alcance para que as\u00ed se sienta, que se sientan en su patria, en su hogar.<\/p>\n<p>Hoy he venido con varios de los ministros de mi Gabinete para continuar el trabajo de acompa\u00f1amiento y apoyo que hemos realizado desde el primer d\u00eda cuando comenz\u00f3 esta crisis, este proceso, cuando Venezuela tom\u00f3 esta desafortunada medida de cerrar la frontera.<\/p>\n<p>Desde el s\u00e1bado, por instrucciones m\u00edas cuando est\u00e1bamos en un Consejo de Ministros en Bucaramanga, se traslad\u00f3 aqu\u00ed a C\u00facuta el Ministro del Interior con el apoyo de un grupo de funcionarios de los diferentes ministerios.<\/p>\n<p>Aqu\u00ed vino despu\u00e9s por instrucciones m\u00edas la Canciller el lunes a la madrugada. El doctor Carlos Iv\u00e1n M\u00e1rquez, quien est\u00e1 aqu\u00ed detr\u00e1s y quien ha estado al frente de la coordinaci\u00f3n de todo este trabajo, se vino desde la Patagonia en Argentina donde estaba de vacaciones. Se lo agradecemos much\u00edsimo al doctor Carlos Iv\u00e1n.<\/p>\n<p>Y desde entonces hay un grupo de personas, de organismos de socorro, nuestra Polic\u00eda, nuestro Ej\u00e9rcito, totalmente pendientes de la situaci\u00f3n de nuestros compatriotas deportados.<\/p>\n<p>Quiero agradecerles de todo coraz\u00f3n, su trabajo, la forma tan patri\u00f3tica y ese coraz\u00f3n tan grande como todos estos organismos de socorro, la Cruz Roja, la Defensa Civil, nuestros polic\u00edas, nuestros soldados, todos los funcionarios de la Alcald\u00eda, la Gobernaci\u00f3n, el Gobierno Nacional, han venido trabajando.<\/p>\n<p>La verdad es que el informe que me acaban de dar me llena de satisfacci\u00f3n y de orgullo y sobre todo de agradecimiento. \u00a0Hoy han estado en C\u00facuta desde por la ma\u00f1ana el Ministro de\u00a0 Minas, el Ministro de Trabajo, la Directora del DPS, el Director del Sena. Conmigo viajaron los Ministros de Hacienda, Educaci\u00f3n y Vivienda. El Ministro del Interior y la Canciller, con el Ministro de Defensa, se encontraban en Cartagena en la reuni\u00f3n con la Canciller venezolana.<\/p>\n<p>Nuestra prioridad ha sido y seguir\u00e1 siendo ofrecer toda la atenci\u00f3n humanitaria posible a quienes han perdido sus hogares. Hoy no hay un solo colombiano deportado sin un techo, sin una colchoneta, sin alimentaci\u00f3n, sin sus kit de aseo, sin las condiciones m\u00ednimas para su bienestar. Y aqu\u00ed tengo que hacer una distinci\u00f3n: hemos podido atender a todos los deportados que han sido registrados. Son cerca de mil, un poco m\u00e1s de mil.<\/p>\n<p>Pero hay entre cinco y seis mil que se encuentran en otros lugares que se han venido en forma voluntaria, producto del miedo, producto del desespero,\u00a0 pero que no se han registrado, que no han sido deportados oficialmente. \u00a0Yo les pido que para poder recibir la ayuda humanitaria se registren debidamente para poder ayudarles como dios manda, para poder ayudarles con todo lo que estamos haciendo con los deportados registrados oficialmente.<\/p>\n<p>Con el apoyo de la Unidad de Gesti\u00f3n del Riesgo, la Cruz Roja, la Iglesia, a quien tambi\u00e9n quiero agradecerle, Monse\u00f1or, su trabajo. Monse\u00f1or Ochoa, usted ha hecho un trabajo extraordinario, usted y toda la iglesia y se lo agradecemos de coraz\u00f3n.<\/p>\n<p>Nos han venido apoyando en cinco albergues, se han habilitado aparte de lo que la iglesia tiene funcionando desde hace ya alg\u00fan tiempo. All\u00e1 ha recibido a m\u00e1s de 500 compatriotas que han sido deportados o que se han venido voluntariamente.<\/p>\n<p>Y en estos albergues hemos hecho todo lo posible para ir reunificando las familias y para tratar de recuperar sus pertenencias. Este es un drama especialmente sensible. Muchas de las familias me dijeron se qued\u00f3 mi familia, la mitad de la familia en el lado venezolano. En muchos casos se quedaron ni\u00f1os. Monse\u00f1or me mencionaba 34 casos solamente en donde usted est\u00e1, 34 casos de un pap\u00e1, una mam\u00e1, que dicen \u2018mis hijos se quedaron al otro lado\u2019. Eso para nosotros ser\u00e1 una prioridad, de reunificar esas familias.<\/p>\n<p>El otro drama que lo sentimos pr\u00e1cticamente todos, es que sus pertenencias se quedaron al otro lado de la frontera, lo perdieron todo. Me dec\u00edan: Presidente, ay\u00fadenme por favor a recuperar esas pertenencias, es lo \u00fanico que tengo. Tenemos dispuestos 15 camiones, est\u00e1n listos para poder ir a los sitios y recuperar esas pertenencias. Les pedimos a las autoridades venezolanas, que hab\u00edan dado el visto bueno desde hace m\u00e1s de 48 horas, y que hasta el momento no han dado la luz verde. Tenemos los camiones, tenemos el personal necesario para ayudar a todas estas familias a recuperar sus pertenencias.<\/p>\n<p>Es muy importante que los deportados sean conscientes y colaboren en el tipo de ayudas que vamos a ofrecer y que estamos ofreciendo. Por ejemplo, en el tema de salud podemos decir que afortunadamente no se ha presentado ning\u00fan brote.<\/p>\n<p>Hemos atendido todos los casos que se ha requerido y se est\u00e1 haciendo una vigilancia estricta para evitar cualquier brote o cualquier epidemia. Ma\u00f1ana habr\u00e1 en los albergues una brigada de pediatr\u00eda y de especialistas para atender cualquier caso que se vaya presentando. Es, ha sido y ser\u00e1 una prioridad para nosotros, para mi Gobierno los ni\u00f1os. Los ni\u00f1os merecen especial atenci\u00f3n.<\/p>\n<p>A los padres y a los ni\u00f1os que regresen les quiero decir: todos, absolutamente todos los ni\u00f1os que lleguen de Venezuela, tendr\u00e1n cupo en nuestros colegios y adem\u00e1s ah\u00ed recibir\u00e1n la alimentaci\u00f3n, bien sea aqu\u00ed en C\u00facuta o en cualquier lugar de Colombia a donde estas familias quieran vivir. Todos los ni\u00f1os recibir\u00e1n educaci\u00f3n, tendr\u00e1n cupos en los colegios.<\/p>\n<p>La pr\u00f3xima semana haremos una \u201cmatriculat\u00f3n\u201d \u2013as\u00ed lo llam\u00f3 la Ministra de Educaci\u00f3n\u2013 para que todos los ni\u00f1os tengan garantizada su educaci\u00f3n. \u00bfY qu\u00e9 es lo m\u00e1s importante que necesitan nuestros compatriotas deportados y la poblaci\u00f3n afectada por el cierre de la frontera? Un ingreso, un trabajo, oportunidades para poder vivir dignamente.<\/p>\n<p>Aqu\u00ed estamos haciendo tambi\u00e9n un gran esfuerzo. El Ministro de Trabajo, la Directora del DPS, el Ministro de Vivienda y los dem\u00e1s organismos: el Sena, se han reunido para discutir con la Alcald\u00eda, con la Gobernaci\u00f3n, los diferentes programas que pueden ser puestos a disposici\u00f3n de todos los deportados que requieran un trabajo.<\/p>\n<p>Hoy podemos decir que habr\u00e1 en una primera instancia 2.300 empleos casi que de oferta inmediata.<\/p>\n<p>1.- El Ministerio de trabajo ofrece 600 empleos temporales en zonas rurales.<\/p>\n<p>2.- El DPS 350 en C\u00facuta.<\/p>\n<p>3.- El DPS est\u00e1 agilizando (hoy se firmaron las actas de) inici\u00f3 de 15 obras para generar 450 puestos de trabajo adicionales.<\/p>\n<p>4.- El Sena, con el sector privado, ha identificado 600 oportunidades de empleo, y capacitar\u00e1 a 300 personas para que puedan formarse para conseguir trabajo.<\/p>\n<p>5.- A los que se capaciten el DPS les dar\u00e1 200 mil pesos mensuales para evitar la deserci\u00f3n.<\/p>\n<p>6.- Y adicionalmente, Camacol ofreci\u00f3 que en los proyectos que hoy se est\u00e1n construyendo aqu\u00ed en C\u00facuta pueden enganchar y el Sena se ofrece a capacitar a cualquiera que quiera trabajar en esos proyectos ofrece 300 empleos inmediatos en estos proyectos.<\/p>\n<p>Y el trabajo tambi\u00e9n puede significar hacer empresa, emprendimiento. Por eso el DPS y el Sena firmaron un convenio por $4.000 millones para apoyar emprendimientos de las personas que quieran montar negocios.<\/p>\n<p>Varias me dijeron, yo les preguntaba \u00bfqu\u00e9 quisiera hacer usted? Me dec\u00edan montar un negocito como el que ten\u00eda al otro lado de la frontera. \u00a0Para ellos tambi\u00e9n habr\u00e1 apoyo, apoyo por parte del DPS, del Sena y eventualmente tambi\u00e9n por parte del Ministerio de Comercio, Industria y Turismo.<\/p>\n<p>En materia de vivienda: a trav\u00e9s de la Unidad de Gesti\u00f3n de Riesgo vamos a entregarle a todos los deportados un subsidio como el que dimos en la \u00e9poca de la ola invernal por 250 mil pesos para que puedan salir de los albergues y pagar un arriendo mientras van acomod\u00e1ndose, mientras van consiguiendo su trabajo, mientras van consiguiendo tambi\u00e9n su vivienda.<\/p>\n<p>C\u00facuta no estaba habilitada para la segunda fase de la vivienda gratis. Aqu\u00ed se ha hecho mucha vivienda gratis. El Alcalde ha sido especialmente diligente en ese frente. Nosotros en la segunda fase ten\u00edamos concentrados todos nuestros recursos para los municipios de categor\u00eda seis, cinco y cuatro, los m\u00e1s pobres.<\/p>\n<p>Sin embargo, hemos tomado la decisi\u00f3n de incluir nuevamente a C\u00facuta y a Villa del Rosario para que sean beneficiarios de proyectos de vivienda gratis, donde tambi\u00e9n podr\u00e1n acceder las familias deportadas.<\/p>\n<p>Hay una gran preocupaci\u00f3n. Lo he visto por las colas que est\u00e1n haciendo alrededor de las gasolineras, de las estaciones de servicio. Una gran preocupaci\u00f3n por el abastecimiento de combustible.<\/p>\n<p>Quiero en esto ser muy claro y enviar una se\u00f1al muy precisa: no va a haber escasez de gasolina, no va a haber escasez de combustible. Lo que se ha generado hasta el momento es una preocupaci\u00f3n de quedarse sin gasolina. De ah\u00ed las colas que existen, porque los cupos de la gasolina subsidiada que llega a Norte de Santander y a C\u00facuta no se han copado.<\/p>\n<p>En Norte de Santander el cupo \u2013hasta hoy a las 3.30 de la tarde\u2013 estaba en el 85 por ciento y el cupo que se hab\u00eda gastado en C\u00facuta en el 87 por ciento. Le he dado instrucciones al se\u00f1or Ministro de Minas que aumente en forma inmediata ese cupo, en un 30 por ciento. Y no tiene por qu\u00e9 haber ning\u00fan tipo de desabastecimiento en materia de combustible.<\/p>\n<p>Adicionalmente, se van a tomar unas medidas de tipo log\u00edstico. Las estaciones, en lugar de estar abiertas 8 horas, estar\u00e1n abiertas durante m\u00e1s tiempo. Algunas hasta las 12 de la noche e inclusive algunas 24 horas.<\/p>\n<p>Y tambi\u00e9n se va a hacer una serie de operativos para evitar que los especuladores y que los avivados se aprovechen de esta situaci\u00f3n.<\/p>\n<p>Repito: no tiene que haber ning\u00fan desabastecimiento y C\u00facuta y Norte de Santander pueden estar tranquilos que habr\u00e1 combustible, gasolina suficiente. Nuestro mensaje hoy a nuestros compatriotas deportados y ac\u00e1 en la zona fronteriza es de total respaldo y acompa\u00f1amiento.<\/p>\n<p>Como Presidente de todos ustedes, de todos los colombianos, tengo la obligaci\u00f3n de protegerlos de todo tipo de abusos, y los voy a proteger. Entendemos su dolor \u2013lo vi, lo palp\u00e9, me lo contaron\u2013, su indignaci\u00f3n totalmente explicable \u2013es la misma m\u00eda\u2013, su sentimiento de impotencia y humillaci\u00f3n que nos duele a todos los colombianos. Y estamos haciendo todo para ayudarlos.<\/p>\n<p>Y tambi\u00e9n estamos manifestando nuestra protesta y exigiendo a las autoridades venezolanas respeto por la dignidad de los colombianos, respeto por estas familias, que no son ningunos paramilitares. Son familias pobres, familias humildes,\u00a0 que lo \u00fanico que quieren es que los dejen vivir, que los dejen trabajar.<\/p>\n<p>Hoy se reunieron las cancilleres. Quedaron de volverse a reunir, de reunir a los ministros de Defensa. Yo hoy no vine a hablar de Venezuela, ni hablarle a Venezuela. Yo estoy aqu\u00ed por mis compatriotas, por los colombianos y debo decir que alzar la voz y subirle el volumen a la confrontaci\u00f3n no va a ayudar a resolver los problemas.<\/p>\n<p>Vine a decirles a los cientos de colombianos deportados que aqu\u00ed est\u00e1 su pa\u00eds, que aqu\u00ed est\u00e1 su Gobierno, que aqu\u00ed su pueblo, aqu\u00ed est\u00e1 su Presidente para apoyarlos en todo lo que est\u00e9 a nuestro alcance. \u00a0Que no est\u00e1n solos, nunca estar\u00e1n solos, est\u00e1n en su casa.<\/p>\n<p>Foto: PRENSA PRESIDENCIA DE LA REP\u00daBLICA<\/p>\n<p>&nbsp; <\/p>\n","protected":false},"excerpt":{"rendered":"<p>Declaraci\u00f3n del presidente Juan Manuel Santos al t\u00e9rmino de su visita a colombianos deportados en C\u00facuta Estuvimos en uno de los albergues comentando, viendo directamente lo que pas\u00f3 con tantos colombianos que est\u00e1n sufriendo esta deportaci\u00f3n y acabamos de terminar una reuni\u00f3n con la Mesa de Unificaci\u00f3n Humanitaria, con todas las entidades que han venido &hellip;<\/p>\n","protected":false},"author":1,"featured_media":25004,"comment_status":"open","ping_status":"open","sticky":false,"template":"","format":"standard","meta":{"footnotes":""},"categories":[7,106,36],"tags":[2483,2487,278],"class_list":["post-25003","post","type-post","status-publish","format-standard","has-post-thumbnail","hentry","category-acontecimientos","category-documentos","category-la-voz-del-pueblo","tag-crisis-en-la-frontera","tag-deportados","tag-presidente-juan-manuel-santos"],"_links":{"self":[{"href":"https:\/\/contraluzcucuta.co\/index.php?rest_route=\/wp\/v2\/posts\/25003","targetHints":{"allow":["GET"]}}],"collection":[{"href":"https:\/\/contraluzcucuta.co\/index.php?rest_route=\/wp\/v2\/posts"}],"about":[{"href":"https:\/\/contraluzcucuta.co\/index.php?rest_route=\/wp\/v2\/types\/post"}],"author":[{"embeddable":true,"href":"https:\/\/contraluzcucuta.co\/index.php?rest_route=\/wp\/v2\/users\/1"}],"replies":[{"embeddable":true,"href":"https:\/\/contraluzcucuta.co\/index.php?rest_route=%2Fwp%2Fv2%2Fcomments&post=25003"}],"version-history":[{"count":1,"href":"https:\/\/contraluzcucuta.co\/index.php?rest_route=\/wp\/v2\/posts\/25003\/revisions"}],"predecessor-version":[{"id":25005,"href":"https:\/\/contraluzcucuta.co\/index.php?rest_route=\/wp\/v2\/posts\/25003\/revisions\/25005"}],"wp:featuredmedia":[{"embeddable":true,"href":"https:\/\/contraluzcucuta.co\/index.php?rest_route=\/wp\/v2\/media\/25004"}],"wp:attachment":[{"href":"https:\/\/contraluzcucuta.co\/index.php?rest_route=%2Fwp%2Fv2%2Fmedia&parent=25003"}],"wp:term":[{"taxonomy":"category","embeddable":true,"href":"https:\/\/contraluzcucuta.co\/index.php?rest_route=%2Fwp%2Fv2%2Fcategories&post=25003"},{"taxonomy":"post_tag","embeddable":true,"href":"https:\/\/contraluzcucuta.co\/index.php?rest_route=%2Fwp%2Fv2%2Ftags&post=25003"}],"curies":[{"name":"wp","href":"https:\/\/api.w.org\/{rel}","templated":true}]}}