{"id":25000,"date":"2015-08-26T21:41:40","date_gmt":"2015-08-27T02:41:40","guid":{"rendered":"http:\/\/contraluzcucuta.co\/?p=25000"},"modified":"2015-08-27T21:27:58","modified_gmt":"2015-08-28T02:27:58","slug":"deportados-rechazo-a-la-manera-salvaje-como-se-violan-los-derechos-humanos-2","status":"publish","type":"post","link":"https:\/\/contraluzcucuta.co\/?p=25000","title":{"rendered":"DEPORTADOS. Rechazo a la manera salvaje como se violan los derechos humanos"},"content":{"rendered":"<p>Contralor Edgardo Maya rechaz\u00f3 lo sucedido en la frontera con Venezuela y establece vigilancia en tiempo real de las ayudas que se les dar\u00e1n a los colombianos afectados. Rechaz\u00f3 la manera salvaje como se violan los derechos humanos de los colombianos.<\/p>\n<p>\u201cNo podemos dejar que de ninguna manera maltraten a nuestros conciudadanos, y menos a\u00fan de la manera salvaje como lo est\u00e1n haciendo. Tenemos que ayudarlos volcando al Estado en su apoyo. Pero tampoco podemos caer en claras provocaciones\u201d, afirm\u00f3 el Contralor General.<\/p>\n<p>Consider\u00f3 necesario que en Colombia haya uni\u00f3n para rechazar el maltrato y que la comunidad internacional asuma el papel de conciliaci\u00f3n para exigir de Venezuela buen comportamiento. Maya Villaz\u00f3n solicit\u00f3 al Gobierno intensificar la ayuda efectiva a los deportados que, seg\u00fan informaci\u00f3n de la Presidencia de Colombia, suman 1071.<\/p>\n<p>Fiel a la misi\u00f3n que le ha encomendado la Constituci\u00f3n, de vigilar la gesti\u00f3n y el control fiscal de los resultados de la administraci\u00f3n p\u00fablica, la Contralor\u00eda General establecer\u00e1 vigilancia en tiempo real del uso de los recursos destinados para afrontar la crisis humanitaria y del suministro de la ayuda brindada a los colombianos.<\/p>\n<p><strong>Apoyo del Ministerio del Trabajo<\/strong><\/p>\n<p>Los colombianos afectados por el cierre de la frontera reciben apoyo del Sena en los tres albergues dispuestos por el Gobierno. Hombres y mujeres recibir\u00e1n servicios de formaci\u00f3n, empleo y emprendimiento. La atenci\u00f3n se cumplir\u00e1 en los barrios Quinta Oriental, Pescadero y La Parada.<\/p>\n<p>La caracterizaci\u00f3n de la poblaci\u00f3n deportada tiene como fin identificar los perfiles laborales y determinar las necesidades de capacitaci\u00f3n y certificaci\u00f3n por competencias. El objetivo es apoyar a los colombianos y generar acciones para brindarles herramientas que permitan mejorar su situaci\u00f3n, dijo Alfonso Prada, director general del Sena.<\/p>\n<p>En las jornadas, que terminar\u00e1n este jueves, se har\u00e1 el registro de los colombianos en el aplicativo de la Agencia P\u00fablica de Empleo, para que posteriormente se hagan procesos de intermediaci\u00f3n laboral \u2013a los que puedan aplicar de acuerdo con el perfil\u2013 para 500 vacantes disponibles en el departamento.<\/p>\n<p>El \u00e9xodo voluntario de compatriotas, sumado a las deportaciones que han hecho las autoridades venezolanas gener\u00f3 la declaratoria del estado de calamidad en la capital nortesantandereana.<\/p>\n<p>Di\u00f3cesis acompa\u00f1a a deportados<\/p>\n<p>Ante la crisis humanitaria desatada por las recientes medidas tomadas por el gobierno de Venezuela en referencia al cierre de la frontera, la deportaci\u00f3n de colombianos y el estado de excepci\u00f3n declarado por el Presidente Nicol\u00e1s Maduro, la Iglesia Particular hace un llamado a las autoridades para que atiendan de manera oportuna y eficaz la situaci\u00f3n que afrontan los expulsadas del vecino pa\u00eds.<\/p>\n<p>La Iglesia entrega una palabra de aliento y esperanza a estos hermanos y contin\u00faa acompa\u00f1\u00e1ndolos y atendi\u00e9ndolos.<\/p>\n<p>1.- Por intermedio del Centro de Migraciones atiende a 200 deportados, con aportes del Banco Diocesano de Alimentos y el Servicio Jesuita a Refugiados.<\/p>\n<ol start=\"2\">\n<li>La Pastoral Social Diocesana proporciona alimentaci\u00f3n a los 207 alojados en el colegio Municipal.<\/li>\n<li>En la Parroquia San Pedro Ap\u00f3stol, corregimiento La Parada, brinda hospedaje y alimentaci\u00f3n a 30 deportados.<\/li>\n<li>Los frutos de la Campa\u00f1a de Comunicaci\u00f3n Cristiana de Bienes 2015 ser\u00e1n orientados a la atenci\u00f3n de esta compleja situaci\u00f3n, especialmente los ni\u00f1os y los j\u00f3venes.<\/li>\n<li>Monse\u00f1or V\u00edctor Manuel Ochoa, obispo de C\u00facuta, exhort\u00f3 a la comunidad a ser solidaria con los hermanos que afrontan una dif\u00edcil situaci\u00f3n.<\/li>\n<li>Invitaci\u00f3n a orar por las familias que sufren por las medidas de los gobernantes venezolanos.<\/li>\n<\/ol>\n<p><strong>Foto: ultimasnoticias.com.ve<\/strong><\/p>\n<p>&nbsp; <\/p>\n","protected":false},"excerpt":{"rendered":"<p>Contralor Edgardo Maya rechaz\u00f3 lo sucedido en la frontera con Venezuela y establece vigilancia en tiempo real de las ayudas que se les dar\u00e1n a los colombianos afectados. Rechaz\u00f3 la manera salvaje como se violan los derechos humanos de los colombianos. \u201cNo podemos dejar que de ninguna manera maltraten a nuestros conciudadanos, y menos a\u00fan &hellip;<\/p>\n","protected":false},"author":1,"featured_media":25001,"comment_status":"open","ping_status":"open","sticky":false,"template":"","format":"standard","meta":{"footnotes":""},"categories":[7,36],"tags":[2483,2481],"class_list":["post-25000","post","type-post","status-publish","format-standard","has-post-thumbnail","hentry","category-acontecimientos","category-la-voz-del-pueblo","tag-crisis-en-la-frontera","tag-deportados-desde-venezuela"],"_links":{"self":[{"href":"https:\/\/contraluzcucuta.co\/index.php?rest_route=\/wp\/v2\/posts\/25000","targetHints":{"allow":["GET"]}}],"collection":[{"href":"https:\/\/contraluzcucuta.co\/index.php?rest_route=\/wp\/v2\/posts"}],"about":[{"href":"https:\/\/contraluzcucuta.co\/index.php?rest_route=\/wp\/v2\/types\/post"}],"author":[{"embeddable":true,"href":"https:\/\/contraluzcucuta.co\/index.php?rest_route=\/wp\/v2\/users\/1"}],"replies":[{"embeddable":true,"href":"https:\/\/contraluzcucuta.co\/index.php?rest_route=%2Fwp%2Fv2%2Fcomments&post=25000"}],"version-history":[{"count":1,"href":"https:\/\/contraluzcucuta.co\/index.php?rest_route=\/wp\/v2\/posts\/25000\/revisions"}],"predecessor-version":[{"id":25002,"href":"https:\/\/contraluzcucuta.co\/index.php?rest_route=\/wp\/v2\/posts\/25000\/revisions\/25002"}],"wp:featuredmedia":[{"embeddable":true,"href":"https:\/\/contraluzcucuta.co\/index.php?rest_route=\/wp\/v2\/media\/25001"}],"wp:attachment":[{"href":"https:\/\/contraluzcucuta.co\/index.php?rest_route=%2Fwp%2Fv2%2Fmedia&parent=25000"}],"wp:term":[{"taxonomy":"category","embeddable":true,"href":"https:\/\/contraluzcucuta.co\/index.php?rest_route=%2Fwp%2Fv2%2Fcategories&post=25000"},{"taxonomy":"post_tag","embeddable":true,"href":"https:\/\/contraluzcucuta.co\/index.php?rest_route=%2Fwp%2Fv2%2Ftags&post=25000"}],"curies":[{"name":"wp","href":"https:\/\/api.w.org\/{rel}","templated":true}]}}