{"id":24989,"date":"2015-08-26T20:09:59","date_gmt":"2015-08-27T01:09:59","guid":{"rendered":"http:\/\/contraluzcucuta.co\/?p=24989"},"modified":"2015-09-04T06:11:23","modified_gmt":"2015-09-04T11:11:23","slug":"candidata-a-la-gobernacion-crisis-humanitaria-afecta-a-751-victimas","status":"publish","type":"post","link":"https:\/\/contraluzcucuta.co\/?p=24989","title":{"rendered":"CANDIDATA A LA GOBERNACI\u00d3N. Crisis humanitaria afecta a 751 v\u00edctimas"},"content":{"rendered":"<p><strong>C\u00daCUTA.-<\/strong> Como defensora de derechos humanos y hoy candidata popular a la Gobernaci\u00f3n de Norte de Santander, Judith Maldonado, expuso su posici\u00f3n frente a la crisis humanitaria que vive la frontera colombo-venezolana. Ante las arbitrariedades y abusos cometidos contra los nacionales de los dos pa\u00edses, expres\u00f3 la urgente necesidad de reabrir la frontera binacional. \u201cLas relaciones construidas entre las dos naciones, m\u00e1s all\u00e1 de lo econ\u00f3mico, se refieren a afectaciones de tipo familiar, social, cultural, etc\u00e9tera\u201d.<\/p>\n<p>El desarrollo de las acciones de la crisis humanitaria, que afecta a 751 v\u00edctimas, se debe entender en diversos campos:<\/p>\n<p>1.- Compleja. Existe vulneraci\u00f3n de derechos al trabajo, a una vida digna, a la movilidad, a la educaci\u00f3n, a la salud, a la libertad, e incluso al debido proceso en algunas situaciones.<\/p>\n<p>2.- Sistem\u00e1tica. Esta situaci\u00f3n sucede no desde hace 15 d\u00edas, sino que se ha convertido en una constante en los \u00faltimos a\u00f1os. Se desarrolla un clima de atropellos y desconfianzas en algunas decisiones fronterizas, que han afectado a la poblaci\u00f3n.<\/p>\n<p>3.- Masiva. Afecta a la zona de l\u00edmite internacional continuo entre Colombia y Venezuela, distancia calculada en 2219 kil\u00f3metros, en donde se encuentran varios departamentos y poblaci\u00f3n afectada.<\/p>\n<p>\u201cEstoy consciente y rechazo las afectaciones indirectas que esta situaci\u00f3n ha tra\u00eddo a los connacionales, debido a que existen familias separadas, obligaciones laborales y comerciales que no se han podido cumplir\u201d, se\u00f1al\u00f3 la candidata Judith Maldonado en comunicado divulgado ayer.<\/p>\n<p><strong>Foto: PRENSA DE LA CAMPA\u00d1A<\/strong><\/p>\n<p>&nbsp; <\/p>\n","protected":false},"excerpt":{"rendered":"<p>C\u00daCUTA.- Como defensora de derechos humanos y hoy candidata popular a la Gobernaci\u00f3n de Norte de Santander, Judith Maldonado, expuso su posici\u00f3n frente a la crisis humanitaria que vive la frontera colombo-venezolana. Ante las arbitrariedades y abusos cometidos contra los nacionales de los dos pa\u00edses, expres\u00f3 la urgente necesidad de reabrir la frontera binacional. \u201cLas &hellip;<\/p>\n","protected":false},"author":1,"featured_media":24990,"comment_status":"open","ping_status":"open","sticky":false,"template":"","format":"standard","meta":{"footnotes":""},"categories":[7],"tags":[2205,2321],"class_list":["post-24989","post","type-post","status-publish","format-standard","has-post-thumbnail","hentry","category-acontecimientos","tag-candidata-a-la-gobernacion","tag-judith-maldonado"],"_links":{"self":[{"href":"https:\/\/contraluzcucuta.co\/index.php?rest_route=\/wp\/v2\/posts\/24989","targetHints":{"allow":["GET"]}}],"collection":[{"href":"https:\/\/contraluzcucuta.co\/index.php?rest_route=\/wp\/v2\/posts"}],"about":[{"href":"https:\/\/contraluzcucuta.co\/index.php?rest_route=\/wp\/v2\/types\/post"}],"author":[{"embeddable":true,"href":"https:\/\/contraluzcucuta.co\/index.php?rest_route=\/wp\/v2\/users\/1"}],"replies":[{"embeddable":true,"href":"https:\/\/contraluzcucuta.co\/index.php?rest_route=%2Fwp%2Fv2%2Fcomments&post=24989"}],"version-history":[{"count":1,"href":"https:\/\/contraluzcucuta.co\/index.php?rest_route=\/wp\/v2\/posts\/24989\/revisions"}],"predecessor-version":[{"id":24991,"href":"https:\/\/contraluzcucuta.co\/index.php?rest_route=\/wp\/v2\/posts\/24989\/revisions\/24991"}],"wp:featuredmedia":[{"embeddable":true,"href":"https:\/\/contraluzcucuta.co\/index.php?rest_route=\/wp\/v2\/media\/24990"}],"wp:attachment":[{"href":"https:\/\/contraluzcucuta.co\/index.php?rest_route=%2Fwp%2Fv2%2Fmedia&parent=24989"}],"wp:term":[{"taxonomy":"category","embeddable":true,"href":"https:\/\/contraluzcucuta.co\/index.php?rest_route=%2Fwp%2Fv2%2Fcategories&post=24989"},{"taxonomy":"post_tag","embeddable":true,"href":"https:\/\/contraluzcucuta.co\/index.php?rest_route=%2Fwp%2Fv2%2Ftags&post=24989"}],"curies":[{"name":"wp","href":"https:\/\/api.w.org\/{rel}","templated":true}]}}