{"id":24979,"date":"2015-08-26T12:54:03","date_gmt":"2015-08-26T17:54:03","guid":{"rendered":"http:\/\/contraluzcucuta.co\/?p=24979"},"modified":"2015-09-07T22:31:43","modified_gmt":"2015-09-08T03:31:43","slug":"campana-a-la-alcaldia-guerra-sucia-contra-avisos-publicitarios-en-arboledas","status":"publish","type":"post","link":"https:\/\/contraluzcucuta.co\/?p=24979","title":{"rendered":"CAMPA\u00d1A A LA ALCALD\u00cdA. Guerra sucia contra avisos publicitarios en Arboledas"},"content":{"rendered":"<p><strong>ARBOLEDAS \u2013 Norte de Santander.-<\/strong> El candidato a la Alcald\u00eda de Arboledas, Danilo Esteban denunci\u00f3 hechos de sabotaje y vandalismo contra su campa\u00f1a. En la \u00faltima semana, desconocidos han destruido tres minivallas en el corregimiento Castro y las veredas La Despensa y Chicagu\u00e1.<\/p>\n<p>En algunos de los avisos pintados en piedras y otros elementos aparecen tachaduras con el nombre de la aspirante al cargo municipal Amalia Lizcano Laguado. Esteban dijo que \u201cno tenemos pruebas de que sea ordenado por la campa\u00f1a\u201d rival.<\/p>\n<p>Preocupado por la situaci\u00f3n, el candidato a la Alcald\u00eda present\u00f3 ante la Personer\u00eda de Arboledas y el comandante de polic\u00eda la denuncia de los hechos. \u201cHe indicado a mi equipo de campa\u00f1a y hecho extensiva a mis simpatizantes mantener la calma y no caer ante provocaciones\u201d.<\/p>\n<p>La destrucci\u00f3n de las minivallas \u00a0ha generado conflicto entre los ciudadanos y esa es la preocupaci\u00f3n, porque pueden incitar a la violencia y la agresividad. \u201cPodr\u00e1n romper las vallas, soltar los pasacalles, da\u00f1ar avisos, podr\u00e1n sabotear y da\u00f1ar nuestra publicidad, pero con eso no desaparecen nuestras propuestas\u201d, dijo Danilo Esteban en un mensaje publicado en las redes sociales.<\/p>\n<p>Los actos vand\u00e1licos no debilitan el deseo de cambio que acompa\u00f1a a la mayor\u00eda de los arboledanos, que \u201cven en nuestro proyecto la mejor oportunidad para tener el progreso que tanto reclamamos y a\u00f1oramos\u201d. Los ataques y otras provocaciones, que probablemente seguir\u00e1n, \u201cno nos intimidan ni amedrentan, al contrario, nos fortalecen\u201d.<\/p>\n<p>Esteban invit\u00f3 a los paisanos a no caer ante esas provocaciones, sin importar la procedencia, porque \u201cde la mano de nuestro Se\u00f1or Jesucristo y nuestra amorosa Madre, la Sant\u00edsima Virgen, superaremos cualquier adversidad con sabidur\u00eda y prudencia\u201d.<\/p>\n<p><strong>Foto: PRENSA DE LA CAMPA\u00d1A<\/strong><\/p>\n<p>&nbsp; <\/p>\n","protected":false},"excerpt":{"rendered":"<p>ARBOLEDAS \u2013 Norte de Santander.- El candidato a la Alcald\u00eda de Arboledas, Danilo Esteban denunci\u00f3 hechos de sabotaje y vandalismo contra su campa\u00f1a. En la \u00faltima semana, desconocidos han destruido tres minivallas en el corregimiento Castro y las veredas La Despensa y Chicagu\u00e1. En algunos de los avisos pintados en piedras y otros elementos aparecen &hellip;<\/p>\n","protected":false},"author":1,"featured_media":24980,"comment_status":"open","ping_status":"open","sticky":false,"template":"","format":"standard","meta":{"footnotes":""},"categories":[1],"tags":[259,2314,2484],"class_list":["post-24979","post","type-post","status-publish","format-standard","has-post-thumbnail","hentry","category-sin-categoria","tag-arboledas","tag-candidato-a-la-alcaldia","tag-danilo-esteban"],"_links":{"self":[{"href":"https:\/\/contraluzcucuta.co\/index.php?rest_route=\/wp\/v2\/posts\/24979","targetHints":{"allow":["GET"]}}],"collection":[{"href":"https:\/\/contraluzcucuta.co\/index.php?rest_route=\/wp\/v2\/posts"}],"about":[{"href":"https:\/\/contraluzcucuta.co\/index.php?rest_route=\/wp\/v2\/types\/post"}],"author":[{"embeddable":true,"href":"https:\/\/contraluzcucuta.co\/index.php?rest_route=\/wp\/v2\/users\/1"}],"replies":[{"embeddable":true,"href":"https:\/\/contraluzcucuta.co\/index.php?rest_route=%2Fwp%2Fv2%2Fcomments&post=24979"}],"version-history":[{"count":1,"href":"https:\/\/contraluzcucuta.co\/index.php?rest_route=\/wp\/v2\/posts\/24979\/revisions"}],"predecessor-version":[{"id":24981,"href":"https:\/\/contraluzcucuta.co\/index.php?rest_route=\/wp\/v2\/posts\/24979\/revisions\/24981"}],"wp:featuredmedia":[{"embeddable":true,"href":"https:\/\/contraluzcucuta.co\/index.php?rest_route=\/wp\/v2\/media\/24980"}],"wp:attachment":[{"href":"https:\/\/contraluzcucuta.co\/index.php?rest_route=%2Fwp%2Fv2%2Fmedia&parent=24979"}],"wp:term":[{"taxonomy":"category","embeddable":true,"href":"https:\/\/contraluzcucuta.co\/index.php?rest_route=%2Fwp%2Fv2%2Fcategories&post=24979"},{"taxonomy":"post_tag","embeddable":true,"href":"https:\/\/contraluzcucuta.co\/index.php?rest_route=%2Fwp%2Fv2%2Ftags&post=24979"}],"curies":[{"name":"wp","href":"https:\/\/api.w.org\/{rel}","templated":true}]}}