{"id":24975,"date":"2015-08-24T22:21:38","date_gmt":"2015-08-25T03:21:38","guid":{"rendered":"http:\/\/contraluzcucuta.co\/?p=24975"},"modified":"2015-08-26T22:33:51","modified_gmt":"2015-08-27T03:33:51","slug":"notas-al-margen-nace-una-oportunidad-excepcional","status":"publish","type":"post","link":"https:\/\/contraluzcucuta.co\/?p=24975","title":{"rendered":"NOTAS AL MARGEN. Nace una oportunidad excepcional"},"content":{"rendered":"<p>1.-La declaratoria excepcional, que el gobierno de Venezuela precisara sobre el\u00a0 estado T\u00e1chira y que focaliza la atenci\u00f3n sobre diversas materias y tem\u00e1ticas, como lo debe determinar el pronunciamiento que da origen a la evaluaci\u00f3n e inmediato examen de las consideraciones y asuntos\u00a0 que con la vigencia de este pronunciamiento, sea adoptado al m\u00e1s alto nivel\u00a0 y en procura de soluciones ciertas y trascendentes sobre los problemas existentes, si bien es cierto,\u00a0 que generan\u00a0 de inmediato m\u00faltiples reacciones sobre las \u00e1reas o zonas\u00a0 que son motivo de estudio y confrontaci\u00f3n\u00a0\u00a0 de realidades,\u00a0 tambi\u00e9n produce y alimenta :\u00a0 grandes expectativas\u00a0 y oportunidades, para resolver\u00a0 y otorgarle camino a la institucionalizaci\u00f3n de medidas y perspectivas , que permitan clarificar y puntualizar opciones y prerrogativas, que necesitan nuevas y m\u00e1s procedentes\u00a0\u00a0 reglamentaciones, para beneficio y provecho\u00a0 de la comunidad que integra e interact\u00faa en la zona fronteriza y que anhela salir de su estancamiento y limitaciones, por falta de instrumentos y asistencias. Obviamente, cuando se alude o\u00a0 se hace referencia a la contraparte de una zona fronteriza, de tan destacados relieves como la\u00a0 colombo -venezolana y especialmente la que define o sintetiza el Estado T\u00e1chira, la gesti\u00f3n\u00a0 debe ser\u00a0 de una vivencia que identifique las proyecciones de mancomunidad\u00a0 y bilateralidad, que\u00a0 se ans\u00edan mutuamente.<\/p>\n<p>2.- Por lo anterior y porque son muchas\u00a0 las motivaciones y\u00a0 factores por priorizar y otorgarles la debida\u00a0 y eficaz ubicaci\u00f3n dentro de la concepci\u00f3n de las llamadas pol\u00edticas de Estado\u00a0 que identifican y definen lo que es y representa un intercambio progresista y respetuoso de la institucionalidad\u00a0 y el mejoramiento\u00a0 de las operaciones de intercambio y asistencia mutua entre naciones, lo que acaba de propiciar el gobierno de Venezuela, ojal\u00e1 sirva, para ir al meollo de lo que est\u00e1 aconteciendo\u00a0 y mediante conversaciones con juicio y sapiencia renovadora y positivamente transformadora, penetrar-clara y\u00a0 profundamente &#8211;\u00a0 en la esencia de la integraci\u00f3n\u00a0 y en los prospectos que surgieron y han dado aliento\u00a0 al Continente, desde el visionario\u00a0 Campanario de la Libertad, que sintetiza y proclama el ideario de\u00a0 nuestro Libertador Sim\u00f3n Bol\u00edvar, la hist\u00f3rica Villa del Rosario, ubicada sobre la v\u00eda que alienta y da vida a la interrelaci\u00f3n entre Colombia y Venezuela, las 24 horas de cada d\u00eda.<\/p>\n<p>3.- Por eso, aludir a la creaci\u00f3n de Normas, Reglamentaciones y Estructuras Operativas, que articulen empe\u00f1os y procedimientos, coordinaciones, incentivos\u00a0 y est\u00edmulos\u00a0 de alta mira y\u00a0 proyecci\u00f3n, que a su vez coaliguen y\u00a0 otorguen m\u00e1s vitalidad y compenetraci\u00f3n\u00a0 a las enormes posibilidades que existen\u00a0 entre\u00a0 Venezuela y Colombia \u2013 y, viceversa- es la oportunidad, que nace y m\u00e1s [i]se destaca, ante lo que ha surgido.<\/p>\n<p>Quiera Dios que haya ojos y o\u00eddos\u00a0 que valoren y comprendan la magnitud e importancia\u00a0 de los criterios y\u00a0 determinaciones\u00a0 que dominan\u00a0 el panorama\u00a0 de la frontera m\u00e1s viva y de mayores perspectivas\u00a0 de nuestro continente, porque si hay uni\u00f3n y una proyecci\u00f3n\u00a0 aut\u00e9ntica, ejemplarizante\u00a0 y verdaderamente trasformadora, en beneficio de las poblaciones de las dos naciones, las opciones y perspectivas son amplias y m\u00faltiples.<\/p>\n<p>Adem\u00e1s, la conveniencia de una descentralizaci\u00f3n administrativa\u00a0 y representativa, que vincule a la gente de las regiones fronterizas permitir\u00eda unir y hacer coparticipes los anhelos\u00a0 y esperanzas, de quienes, desde la independencia, no han sido tratados con la atenci\u00f3n y esmero que vienen solicitando y a veces, sin respuesta alguna y por eso su marginalidad actual, no obstante los recursos y ventajas comparativas que poseen, por su extraordinaria e importante ubicaci\u00f3n geopol\u00edtica, para su desarrollo socioecon\u00f3mico.<\/p>\n<p><strong>JOS\u00c9 NEIRA REY<\/strong><\/p>\n<p><a href=\"mailto:jneirarey@hotmail.com\">jneirarey@hotmail.com<\/a><\/p>\n<p>Foto:\u00a0runrun.es<\/p>\n<p>&nbsp; <\/p>\n","protected":false},"excerpt":{"rendered":"<p>1.-La declaratoria excepcional, que el gobierno de Venezuela precisara sobre el\u00a0 estado T\u00e1chira y que focaliza la atenci\u00f3n sobre diversas materias y tem\u00e1ticas, como lo debe determinar el pronunciamiento que da origen a la evaluaci\u00f3n e inmediato examen de las consideraciones y asuntos\u00a0 que con la vigencia de este pronunciamiento, sea adoptado al m\u00e1s alto &hellip;<\/p>\n","protected":false},"author":1,"featured_media":24976,"comment_status":"open","ping_status":"open","sticky":false,"template":"","format":"standard","meta":{"footnotes":""},"categories":[14,6],"tags":[382,956],"class_list":["post-24975","post","type-post","status-publish","format-standard","has-post-thumbnail","hentry","category-articulistas","category-ojo-avizor","tag-jose-neira","tag-notas-al-margen"],"_links":{"self":[{"href":"https:\/\/contraluzcucuta.co\/index.php?rest_route=\/wp\/v2\/posts\/24975","targetHints":{"allow":["GET"]}}],"collection":[{"href":"https:\/\/contraluzcucuta.co\/index.php?rest_route=\/wp\/v2\/posts"}],"about":[{"href":"https:\/\/contraluzcucuta.co\/index.php?rest_route=\/wp\/v2\/types\/post"}],"author":[{"embeddable":true,"href":"https:\/\/contraluzcucuta.co\/index.php?rest_route=\/wp\/v2\/users\/1"}],"replies":[{"embeddable":true,"href":"https:\/\/contraluzcucuta.co\/index.php?rest_route=%2Fwp%2Fv2%2Fcomments&post=24975"}],"version-history":[{"count":1,"href":"https:\/\/contraluzcucuta.co\/index.php?rest_route=\/wp\/v2\/posts\/24975\/revisions"}],"predecessor-version":[{"id":24977,"href":"https:\/\/contraluzcucuta.co\/index.php?rest_route=\/wp\/v2\/posts\/24975\/revisions\/24977"}],"wp:featuredmedia":[{"embeddable":true,"href":"https:\/\/contraluzcucuta.co\/index.php?rest_route=\/wp\/v2\/media\/24976"}],"wp:attachment":[{"href":"https:\/\/contraluzcucuta.co\/index.php?rest_route=%2Fwp%2Fv2%2Fmedia&parent=24975"}],"wp:term":[{"taxonomy":"category","embeddable":true,"href":"https:\/\/contraluzcucuta.co\/index.php?rest_route=%2Fwp%2Fv2%2Fcategories&post=24975"},{"taxonomy":"post_tag","embeddable":true,"href":"https:\/\/contraluzcucuta.co\/index.php?rest_route=%2Fwp%2Fv2%2Ftags&post=24975"}],"curies":[{"name":"wp","href":"https:\/\/api.w.org\/{rel}","templated":true}]}}