{"id":24969,"date":"2015-08-24T15:59:34","date_gmt":"2015-08-24T20:59:34","guid":{"rendered":"http:\/\/contraluzcucuta.co\/?p=24969"},"modified":"2015-08-26T21:39:22","modified_gmt":"2015-08-27T02:39:22","slug":"carta-de-fenalco-medidas-urgentes-de-mediano-y-largo-plazo","status":"publish","type":"post","link":"https:\/\/contraluzcucuta.co\/?p=24969","title":{"rendered":"CARTA\u00a0 DE FENALCO. Medidas\u00a0 urgentes, de mediano y largo plazo"},"content":{"rendered":"<p>De acuerdo con los especiales y dif\u00edciles momentos que vivimos en\u00a0 la regi\u00f3n,\u00a0 debido al cierre unilateral\u00a0 e injusto de esta frontera, sin lugar a dudas la frontera urbana m\u00e1s importante de Colombia, se requiere agilizar el paso de todas aquellas estrategias que hemos venido pidiendo, pero sobre todo\u00a0 se requieren medidas\u00a0 urgentes, otras \u00a0a mediano y\u00a0 largo plazo, para\u00a0 que \u00a0hechos como el cierre de la frontera por parte de Venezuela, no siga llenando de angustia a los empresarios\u00a0\u00a0 y\u00a0 a muchos habitantes \u00a0\u00a0de esta frontera, que devengan \u00a0su sustento de la actividad\u00a0 comercial que esta genera.<\/p>\n<p>Fenalco, gracias a la anuencia del Gobernador (Edgar D\u00edaz), \u00a0particip\u00f3 en las reuniones que permitieron identificar\u00a0 medidas\u00a0 que se deben tomar para atender las necesidades urgentes de sectores gravemente afectados por este cierre, pero tambi\u00e9n\u00a0 de aquellas personas que se han quedado sin sustento para las familias. El gremio de los comerciantes ha pedido la atenci\u00f3n inmediata a sectores como el carb\u00f3n, la arcilla y otros\u00a0 exportadores que han dejado de facturar diariamente 2,5 millones de d\u00f3lares, por cuenta de este cierre, pues el comercio ser\u00e1 la consecuencia de lo que pase en los dem\u00e1s sectores de la econom\u00eda.<\/p>\n<p>En tal sentido, y dado que se prev\u00e9 una disminuci\u00f3n del dinero circulante en la ciudad,\u00a0 se requiere garantizar el empleo temporal de muchas familias que no pueden generar ingresos\u00a0 de muchas actividades que est\u00e1n paralizadas.<\/p>\n<p>La presencia inmediata del Ministro de Trabajo, \u00a0 el Sena y \u00a0el \u00a0DPS, \u00a0seguramente, ser\u00e1 posible el mi\u00e9rcoles para que entre todos encontremos soluciones\u00a0 de\u00a0 generaci\u00f3n de empleo transitorio \u00a0en obras de infraestructura para atender \u00a0esta \u00a0emergencia. Aunque reconocemos que la mejor soluci\u00f3n \u00a0est\u00e1 en el di\u00e1logo sincero de los dos gobiernos que facilite la apertura nuevamente de los puentes, no es menos cierto \u00a0que debemos culminar las tareas que permitan que sectores como el carb\u00f3n puedan llegar a nuestros puertos por el r\u00edo Magdalena hasta llegar al puerto de La Gloria, e incluir\u00a0 la v\u00eda a Oca\u00f1a en las de cuarta generaci\u00f3n con el fin de \u00a0abaratar los costos de la operaci\u00f3n de este sector, para no utilizar las v\u00edas venezolanas \u00a0que sacan nuestro carb\u00f3n por el lago de Maracaibo.<\/p>\n<p>El aumento del cupo de combustible subsidiado para la ciudad, de acuerdo con el an\u00e1lisis de la UPME\u00a0 y las mesas de trabajo\u00a0 del sector\u00a0\u00a0 en 8 millones de galones, constituye la solicitud primordial que hemos hecho al Gobierno, por medio del ministro del interior\u00a0 Juan Fernando Cristo, y de los viceministros de hacienda Andr\u00e9s Escobar y de desarrollo empresarial Daniel Arango.<\/p>\n<p>Fenalco llama la atenci\u00f3n\u00a0 de la comunidad para que\u00a0 en estas horas amargas que vivimos,\u00a0 nos reencontremos como regi\u00f3n, cerremos filas para apoyar a nuestros gobernantes\u00a0 y no olvidar que el capital m\u00e1s importante\u00a0\u00a0 lo constituimos todos mediante los talentos\u00a0 individuales y colectivos.<\/p>\n<p><strong>Foto: sincuento.com<\/strong><\/p>\n<p>&nbsp; <\/p>\n","protected":false},"excerpt":{"rendered":"<p>De acuerdo con los especiales y dif\u00edciles momentos que vivimos en\u00a0 la regi\u00f3n,\u00a0 debido al cierre unilateral\u00a0 e injusto de esta frontera, sin lugar a dudas la frontera urbana m\u00e1s importante de Colombia, se requiere agilizar el paso de todas aquellas estrategias que hemos venido pidiendo, pero sobre todo\u00a0 se requieren medidas\u00a0 urgentes, otras \u00a0a &hellip;<\/p>\n","protected":false},"author":1,"featured_media":24970,"comment_status":"open","ping_status":"open","sticky":false,"template":"","format":"standard","meta":{"footnotes":""},"categories":[14,6],"tags":[1357,378],"class_list":["post-24969","post","type-post","status-publish","format-standard","has-post-thumbnail","hentry","category-articulistas","category-ojo-avizor","tag-carta-de-fenalco","tag-fenalco"],"_links":{"self":[{"href":"https:\/\/contraluzcucuta.co\/index.php?rest_route=\/wp\/v2\/posts\/24969","targetHints":{"allow":["GET"]}}],"collection":[{"href":"https:\/\/contraluzcucuta.co\/index.php?rest_route=\/wp\/v2\/posts"}],"about":[{"href":"https:\/\/contraluzcucuta.co\/index.php?rest_route=\/wp\/v2\/types\/post"}],"author":[{"embeddable":true,"href":"https:\/\/contraluzcucuta.co\/index.php?rest_route=\/wp\/v2\/users\/1"}],"replies":[{"embeddable":true,"href":"https:\/\/contraluzcucuta.co\/index.php?rest_route=%2Fwp%2Fv2%2Fcomments&post=24969"}],"version-history":[{"count":1,"href":"https:\/\/contraluzcucuta.co\/index.php?rest_route=\/wp\/v2\/posts\/24969\/revisions"}],"predecessor-version":[{"id":24971,"href":"https:\/\/contraluzcucuta.co\/index.php?rest_route=\/wp\/v2\/posts\/24969\/revisions\/24971"}],"wp:featuredmedia":[{"embeddable":true,"href":"https:\/\/contraluzcucuta.co\/index.php?rest_route=\/wp\/v2\/media\/24970"}],"wp:attachment":[{"href":"https:\/\/contraluzcucuta.co\/index.php?rest_route=%2Fwp%2Fv2%2Fmedia&parent=24969"}],"wp:term":[{"taxonomy":"category","embeddable":true,"href":"https:\/\/contraluzcucuta.co\/index.php?rest_route=%2Fwp%2Fv2%2Fcategories&post=24969"},{"taxonomy":"post_tag","embeddable":true,"href":"https:\/\/contraluzcucuta.co\/index.php?rest_route=%2Fwp%2Fv2%2Ftags&post=24969"}],"curies":[{"name":"wp","href":"https:\/\/api.w.org\/{rel}","templated":true}]}}