{"id":24966,"date":"2015-08-24T15:35:39","date_gmt":"2015-08-24T20:35:39","guid":{"rendered":"http:\/\/contraluzcucuta.co\/?p=24966"},"modified":"2015-08-26T20:56:16","modified_gmt":"2015-08-27T01:56:16","slug":"deportados-justicia-justicia-justicia","status":"publish","type":"post","link":"https:\/\/contraluzcucuta.co\/?p=24966","title":{"rendered":"DEPORTADOS. \u201cJusticia, justicia, justicia\u201d"},"content":{"rendered":"<p><strong>C\u00daCUTA.-<\/strong> Gritos, quejas y reclamos escuch\u00f3 la canciller Mar\u00eda \u00c1ngela Holgu\u00edn en el puente internacional \u2018Sim\u00f3n Bol\u00edvar\u2019. Los desesperados, angustiados y desesperanzados deportados de Venezuela en los \u00faltimos d\u00edas le reclamaron \u2018justicia, justicia, justicia\u2019. El cierre de la frontera se pas\u00f3 del l\u00edmite anunciado y la incertidumbre reina entre colombianos y venezolanos.<\/p>\n<p>La enviada especial del presidente Juan Manuel Santos constat\u00f3 lo vivido por los nacionales radicados al otro lado del r\u00edo T\u00e1chira y expulsados este fin de semana por orden del presidente Nicol\u00e1s Maduro. El mandatario decret\u00f3 medidas de excepci\u00f3n para la zona para contrarrestar la presencia paramilitar en los municipios lim\u00edtrofes.<\/p>\n<p>\u201cSalimos como animales, echados como perros\u201d, dijo una mujer a punto de estallar en llanto. Los guardias llegaron a los asentamientos subnormales y ordenaron a los colombianos salir del territorio tachirense. No tuvieron tiempo de cargar con los enseres comprados con el fruto de a\u00f1os de trabajo.<\/p>\n<p>Algunos solo alcanzaron a cambiarse de ropa, tomar entre los brazos a los hijos peque\u00f1os y huir. Al pasar el hilo divisorio entre los dos pa\u00edses encontraron asilo en colegios de Villa del Rosario y C\u00facuta y en el Centro de Migraciones. Las ayudas recibidas son pocas para las enormes necesidades que arrastran.<\/p>\n<p>En la Peque\u00f1a Barinas, ah\u00ed no m\u00e1s en San Antonio, qued\u00f3 la casa a merced de la \u00a0tropa bolivariana. Varias familias, en este momento, est\u00e1n divididas por \u00f3rdenes de los uniformados. Uno de los dos esposos escap\u00f3 para no ser maltratado por los guardias, mientras le otro permanece en tierra vecina.<\/p>\n<p>Ahora, los nacidos en cualquier lugar de Colombia y que buscaron refugio en Venezuela para vivir mejor, afrontan la condici\u00f3n de deportados y claman a gritos ayuda oficial. \u201cNo queremos casa, ni beca. Queremos un lote para levantar el rancho\u201d, dijo Gladys, natural de Tib\u00fa y envuelta en esta calamidad.<\/p>\n<p>Seg\u00fan c\u00e1lculos de la Defensor\u00eda del Pueblo, al Centro de Migraciones llegaron 140 deportados y al coliseo del colegio Municipal 204. A La Parada (Villa del Rosario) han sido trasladados otros tantos. La cifra prevista llega a los 1200. Gladys dijo que en la Peque\u00f1a Barinas viv\u00edan 5000 colombianos.<\/p>\n<p>El personero de C\u00facuta, Orlando Puentes, manifest\u00f3 preocupaci\u00f3n por lo que pueda ocurrir en las pr\u00f3ximas horas. Vaticin\u00f3 que seguro llegar\u00e1n m\u00e1s deportados, por lo que deben acondicionarse otros albergues para atenderlos. En los hogares de paso los colombianos reciben atenci\u00f3n de la Defensor\u00eda del Pueblo, la Personer\u00eda, la Cruz Roja y el gobierno municipal.<\/p>\n<p>\u201cNo est\u00e1 bien que tengan que dormir en una colchoneta\u201d, dijo Puentes. Mientras los adultos pasan las horas a la espera de la llegada de m\u00e1s ayudas, los ni\u00f1os corretean y se divierten de la mejor manera, ajenos al problema que sufren sus padres.<\/p>\n<p>Los organismos encargados de velar por el cuidado de estos seres humanos que soportan un trago amargo por decisi\u00f3n del presidente Maduro le proporcionan los medios que est\u00e1n al alcance. Las carpas, alimentos, elementos de aseo y colchonetas no remplazan los dejados en casa por salir a las carreras, pero en algo mitigan la carencia.<\/p>\n<p><strong>RAFAEL ANTONIO PAB\u00d3N<\/strong><\/p>\n<p><strong><a href=\"mailto:rafaelpabon58@hotmail.com\">rafaelpabon58@hotmail.com<\/a><\/strong><\/p>\n<p><strong>Foto: MARCO S\u00daA<\/strong><\/p>\n<p>&nbsp; <\/p>\n","protected":false},"excerpt":{"rendered":"<p>C\u00daCUTA.- Gritos, quejas y reclamos escuch\u00f3 la canciller Mar\u00eda \u00c1ngela Holgu\u00edn en el puente internacional \u2018Sim\u00f3n Bol\u00edvar\u2019. Los desesperados, angustiados y desesperanzados deportados de Venezuela en los \u00faltimos d\u00edas le reclamaron \u2018justicia, justicia, justicia\u2019. El cierre de la frontera se pas\u00f3 del l\u00edmite anunciado y la incertidumbre reina entre colombianos y venezolanos. La enviada especial &hellip;<\/p>\n","protected":false},"author":1,"featured_media":24967,"comment_status":"open","ping_status":"open","sticky":false,"template":"","format":"standard","meta":{"footnotes":""},"categories":[556,6],"tags":[2482,2481,578],"class_list":["post-24966","post","type-post","status-publish","format-standard","has-post-thumbnail","hentry","category-departamento","category-ojo-avizor","tag-centro-de-migraciones","tag-deportados-desde-venezuela","tag-frontera-colombo-venezolana"],"_links":{"self":[{"href":"https:\/\/contraluzcucuta.co\/index.php?rest_route=\/wp\/v2\/posts\/24966","targetHints":{"allow":["GET"]}}],"collection":[{"href":"https:\/\/contraluzcucuta.co\/index.php?rest_route=\/wp\/v2\/posts"}],"about":[{"href":"https:\/\/contraluzcucuta.co\/index.php?rest_route=\/wp\/v2\/types\/post"}],"author":[{"embeddable":true,"href":"https:\/\/contraluzcucuta.co\/index.php?rest_route=\/wp\/v2\/users\/1"}],"replies":[{"embeddable":true,"href":"https:\/\/contraluzcucuta.co\/index.php?rest_route=%2Fwp%2Fv2%2Fcomments&post=24966"}],"version-history":[{"count":1,"href":"https:\/\/contraluzcucuta.co\/index.php?rest_route=\/wp\/v2\/posts\/24966\/revisions"}],"predecessor-version":[{"id":24968,"href":"https:\/\/contraluzcucuta.co\/index.php?rest_route=\/wp\/v2\/posts\/24966\/revisions\/24968"}],"wp:featuredmedia":[{"embeddable":true,"href":"https:\/\/contraluzcucuta.co\/index.php?rest_route=\/wp\/v2\/media\/24967"}],"wp:attachment":[{"href":"https:\/\/contraluzcucuta.co\/index.php?rest_route=%2Fwp%2Fv2%2Fmedia&parent=24966"}],"wp:term":[{"taxonomy":"category","embeddable":true,"href":"https:\/\/contraluzcucuta.co\/index.php?rest_route=%2Fwp%2Fv2%2Fcategories&post=24966"},{"taxonomy":"post_tag","embeddable":true,"href":"https:\/\/contraluzcucuta.co\/index.php?rest_route=%2Fwp%2Fv2%2Ftags&post=24966"}],"curies":[{"name":"wp","href":"https:\/\/api.w.org\/{rel}","templated":true}]}}