{"id":24963,"date":"2015-08-21T20:19:46","date_gmt":"2015-08-22T01:19:46","guid":{"rendered":"http:\/\/contraluzcucuta.co\/?p=24963"},"modified":"2015-08-26T20:06:47","modified_gmt":"2015-08-27T01:06:47","slug":"perfil-luis-martinez-fundador-y-lider-del-20-de-julio","status":"publish","type":"post","link":"https:\/\/contraluzcucuta.co\/?p=24963","title":{"rendered":"PERFIL. Luis Mart\u00ednez, fundador y l\u00edder del 20 de Julio"},"content":{"rendered":"<p><strong>C\u00daCUTA.-<\/strong> Macaravita, pueblo de Santander, lo vio nacer el 26 de agosto de 1949. Creci\u00f3 sin la figura paterna en la casa, porque \u201ca mi pap\u00e1 lo mataron el mismo a\u00f1o que nac\u00ed, \u00a0por la cuesti\u00f3n de la guerra y la muerte de Gait\u00e1n\u201d. La infancia no fue como la de la mayor\u00eda de los ni\u00f1os. A temprana edad se fue de casa y esa decisi\u00f3n lo oblig\u00f3 a trabajar para suplir sus necesidades.<\/p>\n<p>En una casa anaranjada, de dos pisos, construida con esfuerzo y dedicaci\u00f3n, vive Luis Mart\u00ednez. Con mirada tranquila, cuenta cada experiencia de la vida. Se emociona y las l\u00e1grimas ruedan por las mejillas cuando recuerda c\u00f3mo empez\u00f3 y el esfuerzo que hizo para alcanzar las metas.<\/p>\n<p>Cuando habla de su mam\u00e1 la tristeza lo invade. Eso de estar solo por la vida, sin apoyo de los seres queridos, debe ser frustrante para cualquier hombre. \u201cCuando cumpl\u00ed 10 a\u00f1os, mi mam\u00e1 me fue a buscar y cuando lleg\u00f3 a donde estaba, me llev\u00e9 la sorpresa de que se hab\u00eda vuelto a casar\u201d. La hermana mayor le rog\u00f3 para que se fuera a vivir con ellos a El Diamante. Insisti\u00f3 tanto que al final lo convenci\u00f3.<\/p>\n<p>Pas\u00f3 varios a\u00f1os con la familia all\u00ed. No estaba c\u00f3modo con el padrastro al lado y a la primera oportunidad sali\u00f3 rumbo a C\u00facuta, donde por ese entonces estaba la abuela, que trabajaba para gente importante de la ciudad. Al llegar, le ofrecieron un puesto en la hacienda de Lomitas, para cuidar ganado.<\/p>\n<p>Despu\u00e9s de un tiempo, se fue a trabajar como conductor de los due\u00f1os del edificio Hispano. \u00a0En 1974, se cas\u00f3 con la mujer que am\u00f3 desde la ni\u00f1ez, Raquel Cort\u00e9s. \u201cMe cas\u00e9 limpio, sin nada. Aunque era pobre, deseaba estar con ella\u201d. En ese momento su vida empez\u00f3 a cambiar. Tener una familia y trabajar con alguien tan importante le permiti\u00f3 conocer a m\u00e1s gente.<\/p>\n<p>El due\u00f1o de una sala de billares, por diferentes causas, quer\u00eda tirar el negocio a la basura. Luis y la esposa le rogaron que se los arrendara. Duraron 4 a\u00f1os, y con el conocimiento que adquiri\u00f3 se fue a vivir donde los suegros y mont\u00f3 un negocio de bolos, billar y tejo.\u00a0 \u201cEn ese momento trabaj\u00e1bamos d\u00eda y noche, daba muy buen dinero el local y hab\u00eda que sacarle hasta donde pudi\u00e9ramos\u201d. Con el dinero que ahorr\u00f3 compr\u00f3 un taxi.<\/p>\n<p>Por m\u00e1s de 12 a\u00f1os recorri\u00f3 la ciudad. Entre las an\u00e9cdotas record\u00f3 el d\u00eda \u00a0que llev\u00f3 a una muchacha a la Ciudadela de La Libertad, como no conoc\u00eda bien el sector, se dej\u00f3 guiar. Al llegar al destino donde pretend\u00eda dejarla, sinti\u00f3 que era una trampa, lo robaron, lo golpearon y por poco le quitan el carro. En seguida pidi\u00f3 ayuda y los compa\u00f1eros no tardaron en llegar, pero era tarde, los ladrones se hab\u00edan ido y lo hab\u00edan dejado sin el sustento diario.<\/p>\n<p>Luego se fue a vivir a una invasi\u00f3n donde le ofrecieron un lote para que construyera su casa. En ese momento empez\u00f3 a crecer la familia. \u201cTengo seis hijos, dos varones y cinco mujeres\u201d. Pas\u00f3 a trabajar con la pol\u00edtica y fue conductor de funcionarios de la Gobernaci\u00f3n, que lo ayudaron con la reparaci\u00f3n de las calles del barrio.<\/p>\n<p>Cre\u00f3 la primera asociaci\u00f3n comunal del 20 de Julio, con ayuda de los conocidos del gobierno departamental conform\u00f3 el barrio. \u201cFue dif\u00edcil construir, porque nadie nos quer\u00eda ayudar. Esto era un potrero y nadie ten\u00eda esperanza. Con los contactos que ten\u00eda empec\u00e9 a pavimentar calles y recuperamos el tiempo perdido\u201d.<\/p>\n<p>Las l\u00e1grimas bajan por las mejillas y con voz entrecortada cuenta el empe\u00f1o que puso para que los matorrales fueran un lugar donde la gente pudiera vivir. El 20 de julio 1981, se aprob\u00f3 la personer\u00eda jur\u00eddica de la junta de acci\u00f3n comunal. Luis empez\u00f3 a pedir ayuda a las entidades oficiales para abrir v\u00edas, llevar los servicios de agua, alcantarillado y electricidad.<\/p>\n<p>Fueron m\u00e1s de 10 a\u00f1os de lucha para cumplir el sue\u00f1o de las habitantes del barrio. Lleg\u00f3 a la meta y posicion\u00f3 el barrio en la ciudad. \u201cFue dif\u00edcil empezar, porque estas tierras le pertenec\u00edan a un se\u00f1or que no conoc\u00edamos, pero eso no fue obst\u00e1culo para pelear por el bienestar de mi familia y de todos los que en ese momento necesitaban un lugar d\u00f3nde vivir\u201d.<\/p>\n<p>Luis est\u00e1 dedicado a la casa, les dio estudio a los hijos, cinco son profesionales, el menor no quiso estudiar y se fue de la ciudad. Sac\u00f3 los ahorros y compr\u00f3 un taxi para que viniera a vivir con todos. En la ma\u00f1ana se levanta tarde, con la alegr\u00eda del deber cumplido. Solo le queda un sue\u00f1o por cumplir y est\u00e1 cerca de hacerlo realidad. Construye una casa grande, \u201cpara que mis hijos vivan conmigo y ninguno tenga necesidades\u201d.<\/p>\n<p><strong>\u00a0JONATHAN ARLEY JAIMES<\/strong><\/p>\n<p><strong>Estudiante de Comunicaci\u00f3n Social<\/strong><\/p>\n<p><strong>Universidad de Pamplona<\/strong><\/p>\n<p><strong>Campus de Villa del Rosario<\/strong><\/p>\n<p><strong>\u00a0Foto: Especial para www.contraluzcucuta.co<\/strong> <\/p>\n","protected":false},"excerpt":{"rendered":"<p>C\u00daCUTA.- Macaravita, pueblo de Santander, lo vio nacer el 26 de agosto de 1949. Creci\u00f3 sin la figura paterna en la casa, porque \u201ca mi pap\u00e1 lo mataron el mismo a\u00f1o que nac\u00ed, \u00a0por la cuesti\u00f3n de la guerra y la muerte de Gait\u00e1n\u201d. La infancia no fue como la de la mayor\u00eda de los &hellip;<\/p>\n","protected":false},"author":1,"featured_media":24964,"comment_status":"open","ping_status":"open","sticky":false,"template":"","format":"standard","meta":{"footnotes":""},"categories":[74,36],"tags":[2597,719,161],"class_list":["post-24963","post","type-post","status-publish","format-standard","has-post-thumbnail","hentry","category-aula-universitaria","category-la-voz-del-pueblo","tag-aula-universitaria","tag-unipamplona","tag-universidad-de-pamplona"],"_links":{"self":[{"href":"https:\/\/contraluzcucuta.co\/index.php?rest_route=\/wp\/v2\/posts\/24963","targetHints":{"allow":["GET"]}}],"collection":[{"href":"https:\/\/contraluzcucuta.co\/index.php?rest_route=\/wp\/v2\/posts"}],"about":[{"href":"https:\/\/contraluzcucuta.co\/index.php?rest_route=\/wp\/v2\/types\/post"}],"author":[{"embeddable":true,"href":"https:\/\/contraluzcucuta.co\/index.php?rest_route=\/wp\/v2\/users\/1"}],"replies":[{"embeddable":true,"href":"https:\/\/contraluzcucuta.co\/index.php?rest_route=%2Fwp%2Fv2%2Fcomments&post=24963"}],"version-history":[{"count":1,"href":"https:\/\/contraluzcucuta.co\/index.php?rest_route=\/wp\/v2\/posts\/24963\/revisions"}],"predecessor-version":[{"id":24965,"href":"https:\/\/contraluzcucuta.co\/index.php?rest_route=\/wp\/v2\/posts\/24963\/revisions\/24965"}],"wp:featuredmedia":[{"embeddable":true,"href":"https:\/\/contraluzcucuta.co\/index.php?rest_route=\/wp\/v2\/media\/24964"}],"wp:attachment":[{"href":"https:\/\/contraluzcucuta.co\/index.php?rest_route=%2Fwp%2Fv2%2Fmedia&parent=24963"}],"wp:term":[{"taxonomy":"category","embeddable":true,"href":"https:\/\/contraluzcucuta.co\/index.php?rest_route=%2Fwp%2Fv2%2Fcategories&post=24963"},{"taxonomy":"post_tag","embeddable":true,"href":"https:\/\/contraluzcucuta.co\/index.php?rest_route=%2Fwp%2Fv2%2Ftags&post=24963"}],"curies":[{"name":"wp","href":"https:\/\/api.w.org\/{rel}","templated":true}]}}