{"id":24960,"date":"2015-08-21T19:56:18","date_gmt":"2015-08-22T00:56:18","guid":{"rendered":"http:\/\/contraluzcucuta.co\/?p=24960"},"modified":"2015-08-24T22:24:40","modified_gmt":"2015-08-25T03:24:40","slug":"feria-del-icbf-yo-soy-primera-infancia","status":"publish","type":"post","link":"https:\/\/contraluzcucuta.co\/?p=24960","title":{"rendered":"FERIA DEL ICBF. \u2018Yo Soy Primera Infancia\u2019"},"content":{"rendered":"<p><strong>BOGOT\u00c1. &#8211;<\/strong> Por un d\u00eda entero, las familias cucute\u00f1as, en especial los ni\u00f1os menores de 5 a\u00f1os, ser\u00e1n protagonistas de la Primera Feria de Servicios Sociales \u2018Yo Soy Primera Infancia\u2019. La actividad marcar\u00e1 el inicio, el 28 de agosto, del ciclo que beneficiar\u00e1 a la ni\u00f1ez, padres, agentes educativos y madres comunitarias<\/p>\n<p>La Feria es un espacio pensado para la comunidad, que busca llevarle la oferta de los principales programas del Instituto de Bienestar Familiar, de las entidades territoriales y la empresa privada. Brindar\u00e1 acceso preferente a los ni\u00f1os y a las familias directamente.<\/p>\n<p>Cada feria contar\u00e1 con cuatro zonas:<\/p>\n<p>1.- Zona de tr\u00e1mite y servicios. Permitir\u00e1 a la comunidad tramitar y gestionar una necesidad<\/p>\n<p>2.- Zona de actividades l\u00fadico recreativas. Se ofrecer\u00e1n actividades pedag\u00f3gicas, talleres y juegos<\/p>\n<p>3.- Zona de responsabilidad social. Las entidades del sector privado se suman mediante servicios o actividades.<\/p>\n<p>4.- Zona ICBF. Se ofertar\u00e1n los servicios de las \u00e1reas misionales de la entidad, por medio de actividades dirigidas a las familias.<\/p>\n<p>Adicional a las \u00e1reas de servicios se contar\u00e1 con una zona segura de la cual har\u00e1n parte la Cruz Roja, la Defensa Civil y la Polic\u00eda Metropolitana.<\/p>\n<p>\u201cCon estas ferias acercaremos la oferta de servicios a la comunidad y hacemos alianzas con los entes territoriales y la empresa privada. El fin es proporcionar un espacio para que las familias colombianas y nuestros ni\u00f1os puedan acceder a los servicios sin costo\u201d, asegur\u00f3 la Directora de la Direcci\u00f3n de Primera Infancia del ICBF, Karen Abudinen Abuchaibe.<\/p>\n<p><strong>Foto: sancayetano-nortedesantander.gov.co<\/strong><\/p>\n<p>&nbsp;<\/p>\n<p>&nbsp; <\/p>\n","protected":false},"excerpt":{"rendered":"<p>BOGOT\u00c1. &#8211; Por un d\u00eda entero, las familias cucute\u00f1as, en especial los ni\u00f1os menores de 5 a\u00f1os, ser\u00e1n protagonistas de la Primera Feria de Servicios Sociales \u2018Yo Soy Primera Infancia\u2019. La actividad marcar\u00e1 el inicio, el 28 de agosto, del ciclo que beneficiar\u00e1 a la ni\u00f1ez, padres, agentes educativos y madres comunitarias La Feria es &hellip;<\/p>\n","protected":false},"author":1,"featured_media":24961,"comment_status":"open","ping_status":"open","sticky":false,"template":"","format":"standard","meta":{"footnotes":""},"categories":[556,36],"tags":[405,465,2480],"class_list":["post-24960","post","type-post","status-publish","format-standard","has-post-thumbnail","hentry","category-departamento","category-la-voz-del-pueblo","tag-bienestar-familiar","tag-icbf","tag-yo-soy-primera-infancia"],"_links":{"self":[{"href":"https:\/\/contraluzcucuta.co\/index.php?rest_route=\/wp\/v2\/posts\/24960","targetHints":{"allow":["GET"]}}],"collection":[{"href":"https:\/\/contraluzcucuta.co\/index.php?rest_route=\/wp\/v2\/posts"}],"about":[{"href":"https:\/\/contraluzcucuta.co\/index.php?rest_route=\/wp\/v2\/types\/post"}],"author":[{"embeddable":true,"href":"https:\/\/contraluzcucuta.co\/index.php?rest_route=\/wp\/v2\/users\/1"}],"replies":[{"embeddable":true,"href":"https:\/\/contraluzcucuta.co\/index.php?rest_route=%2Fwp%2Fv2%2Fcomments&post=24960"}],"version-history":[{"count":1,"href":"https:\/\/contraluzcucuta.co\/index.php?rest_route=\/wp\/v2\/posts\/24960\/revisions"}],"predecessor-version":[{"id":24962,"href":"https:\/\/contraluzcucuta.co\/index.php?rest_route=\/wp\/v2\/posts\/24960\/revisions\/24962"}],"wp:featuredmedia":[{"embeddable":true,"href":"https:\/\/contraluzcucuta.co\/index.php?rest_route=\/wp\/v2\/media\/24961"}],"wp:attachment":[{"href":"https:\/\/contraluzcucuta.co\/index.php?rest_route=%2Fwp%2Fv2%2Fmedia&parent=24960"}],"wp:term":[{"taxonomy":"category","embeddable":true,"href":"https:\/\/contraluzcucuta.co\/index.php?rest_route=%2Fwp%2Fv2%2Fcategories&post=24960"},{"taxonomy":"post_tag","embeddable":true,"href":"https:\/\/contraluzcucuta.co\/index.php?rest_route=%2Fwp%2Fv2%2Ftags&post=24960"}],"curies":[{"name":"wp","href":"https:\/\/api.w.org\/{rel}","templated":true}]}}