{"id":24957,"date":"2015-08-21T19:11:05","date_gmt":"2015-08-22T00:11:05","guid":{"rendered":"http:\/\/contraluzcucuta.co\/?p=24957"},"modified":"2015-08-24T16:26:19","modified_gmt":"2015-08-24T21:26:19","slug":"convivencia-ciudadana-llantas-herramienta-para-dar-color-y-armonia-a-parques","status":"publish","type":"post","link":"https:\/\/contraluzcucuta.co\/?p=24957","title":{"rendered":"CONVIVENCIA CIUDADANA. Llantas, herramienta para dar color y armon\u00eda a parques"},"content":{"rendered":"<p><strong>C\u00daCUTA.-<\/strong> El parque Las Piedras, del barrio Pescadero, toma la iniciativa para hacer del reciclaje de llantas la herramienta para darle color y armon\u00eda al ambiente. Mediante la alianza estrat\u00e9gica con la comunidad, la Polic\u00eda Metropolitana de C\u00facuta (Mecuc) le apuesta al arte para recuperar el espacio p\u00fablico de la capital nortesantandereana.<\/p>\n<p>Las Piedras fue tomado como modelo para la puesta en marcha de la iniciativa desarrollada por agentes del \u00c1rea de Prevenci\u00f3n y Educaci\u00f3n Ciudadana. El arte, la pintura y la creatividad son las herramientas para cambiarle la cara al sitio, que hace algunos meses era foco de inseguridad.<\/p>\n<p>El parque, por meses, estuvo ocupado por un extranjero en estado de calle, que lo convirti\u00f3 en centro de almacenamiento de material de reciclaje. La presencia del hombre y los elementos que acumulaba afectaban la convivencia y la seguridad de los habitantes. El sujeto fue sacado del lugar en operativo efectuado, en julio.<\/p>\n<p>En cumplimiento del plan choque \u2018Comunidades seguras y en paz\u2019 los uniformados trabajan con la comunidad para convertir el sitio en ejemplo para el resto de parques de la ciudad. El plan piloto le apunta a la utilizaci\u00f3n de llantas usadas recicladas para convertirlas en coloridas y llamativas materas.<\/p>\n<p>Im\u00e1genes de personajes del cine infantil o tradicionales animales son tomadas como referencia para plasmarlas en la estructura de las llantas y se convierten en \u00fatiles moldes para hacer de la jardiner\u00eda una alternativa para el embellecimiento del espacio p\u00fablico residencial.<\/p>\n<p>El objetivo es utilizar el material, que en muchos casos es arrojado a las v\u00edas y zonas de tr\u00e1nsito, y transformarlo en elementos pr\u00e1cticos para hacer armoniosa la estad\u00eda de grandes y peque\u00f1os.<\/p>\n<p>Los juegos infantiles tambi\u00e9n fueron sometidos a un plan de pintura y recuperaci\u00f3n. La jornada de trabajo se adelant\u00f3 previamente con la comunidad.<\/p>\n<p>La seguridad y convivencia son primordiales para la instituci\u00f3n, que gestion\u00f3 el alumbrado p\u00fablico. As\u00ed, se evita que la oscuridad sea aprovechada por delincuentes o habitantes en estado de calle para cometer actos obscenos o hechos criminales. En horarios espec\u00edficos se cuenta con el servicio del Comando de Atenci\u00f3n Inmediata (CAI) M\u00f3vil.<\/p>\n<p>La jornada de embellecimiento continuar\u00e1 el domingo, en la ma\u00f1ana. Uniformados y habitantes del barrio Pescadero acudir\u00e1n a la cita que les permitir\u00e1 hacer del arte y la pintura una alternativa para mejorar la convivencia y la seguridad.<\/p>\n<p><strong>Foto: PRENSA MECUC<\/strong><\/p>\n<p>&nbsp; <\/p>\n","protected":false},"excerpt":{"rendered":"<p>C\u00daCUTA.- El parque Las Piedras, del barrio Pescadero, toma la iniciativa para hacer del reciclaje de llantas la herramienta para darle color y armon\u00eda al ambiente. Mediante la alianza estrat\u00e9gica con la comunidad, la Polic\u00eda Metropolitana de C\u00facuta (Mecuc) le apuesta al arte para recuperar el espacio p\u00fablico de la capital nortesantandereana. Las Piedras fue &hellip;<\/p>\n","protected":false},"author":1,"featured_media":24958,"comment_status":"open","ping_status":"open","sticky":false,"template":"","format":"standard","meta":{"footnotes":""},"categories":[11,10,36],"tags":[323,2479,293],"class_list":["post-24957","post","type-post","status-publish","format-standard","has-post-thumbnail","hentry","category-cronica-roja","category-cronicas","category-la-voz-del-pueblo","tag-mecuc","tag-parque-las-piedras","tag-policia-metropolitana-de-cucuta"],"_links":{"self":[{"href":"https:\/\/contraluzcucuta.co\/index.php?rest_route=\/wp\/v2\/posts\/24957","targetHints":{"allow":["GET"]}}],"collection":[{"href":"https:\/\/contraluzcucuta.co\/index.php?rest_route=\/wp\/v2\/posts"}],"about":[{"href":"https:\/\/contraluzcucuta.co\/index.php?rest_route=\/wp\/v2\/types\/post"}],"author":[{"embeddable":true,"href":"https:\/\/contraluzcucuta.co\/index.php?rest_route=\/wp\/v2\/users\/1"}],"replies":[{"embeddable":true,"href":"https:\/\/contraluzcucuta.co\/index.php?rest_route=%2Fwp%2Fv2%2Fcomments&post=24957"}],"version-history":[{"count":1,"href":"https:\/\/contraluzcucuta.co\/index.php?rest_route=\/wp\/v2\/posts\/24957\/revisions"}],"predecessor-version":[{"id":24959,"href":"https:\/\/contraluzcucuta.co\/index.php?rest_route=\/wp\/v2\/posts\/24957\/revisions\/24959"}],"wp:featuredmedia":[{"embeddable":true,"href":"https:\/\/contraluzcucuta.co\/index.php?rest_route=\/wp\/v2\/media\/24958"}],"wp:attachment":[{"href":"https:\/\/contraluzcucuta.co\/index.php?rest_route=%2Fwp%2Fv2%2Fmedia&parent=24957"}],"wp:term":[{"taxonomy":"category","embeddable":true,"href":"https:\/\/contraluzcucuta.co\/index.php?rest_route=%2Fwp%2Fv2%2Fcategories&post=24957"},{"taxonomy":"post_tag","embeddable":true,"href":"https:\/\/contraluzcucuta.co\/index.php?rest_route=%2Fwp%2Fv2%2Ftags&post=24957"}],"curies":[{"name":"wp","href":"https:\/\/api.w.org\/{rel}","templated":true}]}}