{"id":24951,"date":"2015-08-21T18:22:42","date_gmt":"2015-08-21T23:22:42","guid":{"rendered":"http:\/\/contraluzcucuta.co\/?p=24951"},"modified":"2015-08-24T15:40:43","modified_gmt":"2015-08-24T20:40:44","slug":"analisis-conciencia-naturaleza-y-sociedad","status":"publish","type":"post","link":"https:\/\/contraluzcucuta.co\/?p=24951","title":{"rendered":"AN\u00c1LISIS. Conciencia, naturaleza y sociedad"},"content":{"rendered":"<p>Actualmente, al\u00a0 hablar de medio ambiente no sabe uno si \u00bfre\u00edr o llorar? Re\u00edr por la falta de conciencia y desconocimiento de la sociedad, o llorar por el futuro que nos espera gracias a nuestro descuido.<\/p>\n<p>Haciendo un repaso a la situaci\u00f3n nos daremos cuenta de que no estamos ajenos a esta realidad, empezando por El Catatumbo donde los monocultivos de palma acaban y contaminan los pocos caudales de agua que hay all\u00ed, debido a que esta planta absorbe demasiada agua y los l\u00edquidos que se le echan contaminan el r\u00edo.<\/p>\n<p>Siguiendo el hilo conductor, llegamos a El Zulia, donde el rio se est\u00e1 acabando. Unos dicen que es culpa de los paseos de olla; otros, dicen que por la sequ\u00eda. Sea el motivo que sea, se est\u00e1 secando y nosotros, aunque vivamos en C\u00facuta, tambi\u00e9n nos veremos afectados.<\/p>\n<p>Llegando a la calurosa y comercial capital nortesantandereana nos encontramos con un r\u00edo Pamplonita moribundo y, aunque siempre ha sido as\u00ed, nunca nos hemos preocupado, solo acostumbrado a saberlo. \u00a0Sin olvidar que en la ciudad se han presentado algunos debates frente al medio ambiente, especialmente del agua.<\/p>\n<p>En alguna ocasi\u00f3n se present\u00f3 ante la opini\u00f3n la iniciativa de la construcci\u00f3n del acueducto metropolitano; para muchos, importante, para otros, dejar\u00eda al municipio m\u00e1s endeudado de lo que est\u00e1. Adem\u00e1s, si no habr\u00eda agua \u00bfpara qu\u00e9 acueducto?<\/p>\n<p>El embalse del C\u00ednera es una propuesta de hace mucho tiempo, pero que nunca ha tenido la suficiente fuerza como ahora. Miembros de Corponor y analistas del tema dicen que es lo m\u00e1s viable y m\u00e1s ahora que la represa\u00a0 est\u00e1 bajando de caudal. Eso s\u00ed que es preocupante.<\/p>\n<p>Ahora, lo nuevo es el Tennis Park Plaza Centro Comercial. Ambientalistas creen que ese proyecto es una masacre al medio ambiente y al ox\u00edgeno de la vida, debido a la tala de \u00e1rboles que habr\u00eda. Otros, piensan que es una propuesta viable, porque no es tan perjudicial como dicen los ecologistas; sin embargo, un fallo judicial le pone pausa al inicio de las obras.<\/p>\n<p>No quiero dejar pasar esta reflexi\u00f3n, o m\u00e1s bien este recuento de los problemas ambientales, sin nombrar el P\u00e1ramo de Santurb\u00e1n, que se encuentra en riesgo, porque parte ser\u00e1 explotado por la mega miner\u00eda si el Gobierno lo aprueba. El p\u00e1ramo es el pulm\u00f3n de la vida de nuestra regi\u00f3n y es el verdadero acueducto que necesitamos impulsar y proteger.<\/p>\n<p>Solo me queda por decir que esto no es una reflexi\u00f3n, sino un llamado de atenci\u00f3n, un alerta por nuestra vida, si no cuidamos el agua que beberemos en el futuro. En nuestras manos y cabeza est\u00e1 el seguir disfrutando de tan preciado l\u00edquido.<\/p>\n<p><strong>Fundaci\u00f3n PROGRESAR C\u00daCUTA<\/strong><\/p>\n<p>Foto: archivo www.contraluzcucuta.co <\/p>\n","protected":false},"excerpt":{"rendered":"<p>Actualmente, al\u00a0 hablar de medio ambiente no sabe uno si \u00bfre\u00edr o llorar? Re\u00edr por la falta de conciencia y desconocimiento de la sociedad, o llorar por el futuro que nos espera gracias a nuestro descuido. Haciendo un repaso a la situaci\u00f3n nos daremos cuenta de que no estamos ajenos a esta realidad, empezando por &hellip;<\/p>\n","protected":false},"author":1,"featured_media":24952,"comment_status":"open","ping_status":"open","sticky":false,"template":"","format":"standard","meta":{"footnotes":""},"categories":[14,32],"tags":[1016,493,1596,831],"class_list":["post-24951","post","type-post","status-publish","format-standard","has-post-thumbnail","hentry","category-articulistas","category-recorrido-por-la-region","tag-acueducto-metropolitano-de-cucuta","tag-corponor","tag-embalse-del-cinera","tag-fundacion-progresar-cucuta"],"_links":{"self":[{"href":"https:\/\/contraluzcucuta.co\/index.php?rest_route=\/wp\/v2\/posts\/24951","targetHints":{"allow":["GET"]}}],"collection":[{"href":"https:\/\/contraluzcucuta.co\/index.php?rest_route=\/wp\/v2\/posts"}],"about":[{"href":"https:\/\/contraluzcucuta.co\/index.php?rest_route=\/wp\/v2\/types\/post"}],"author":[{"embeddable":true,"href":"https:\/\/contraluzcucuta.co\/index.php?rest_route=\/wp\/v2\/users\/1"}],"replies":[{"embeddable":true,"href":"https:\/\/contraluzcucuta.co\/index.php?rest_route=%2Fwp%2Fv2%2Fcomments&post=24951"}],"version-history":[{"count":1,"href":"https:\/\/contraluzcucuta.co\/index.php?rest_route=\/wp\/v2\/posts\/24951\/revisions"}],"predecessor-version":[{"id":24953,"href":"https:\/\/contraluzcucuta.co\/index.php?rest_route=\/wp\/v2\/posts\/24951\/revisions\/24953"}],"wp:featuredmedia":[{"embeddable":true,"href":"https:\/\/contraluzcucuta.co\/index.php?rest_route=\/wp\/v2\/media\/24952"}],"wp:attachment":[{"href":"https:\/\/contraluzcucuta.co\/index.php?rest_route=%2Fwp%2Fv2%2Fmedia&parent=24951"}],"wp:term":[{"taxonomy":"category","embeddable":true,"href":"https:\/\/contraluzcucuta.co\/index.php?rest_route=%2Fwp%2Fv2%2Fcategories&post=24951"},{"taxonomy":"post_tag","embeddable":true,"href":"https:\/\/contraluzcucuta.co\/index.php?rest_route=%2Fwp%2Fv2%2Ftags&post=24951"}],"curies":[{"name":"wp","href":"https:\/\/api.w.org\/{rel}","templated":true}]}}