{"id":24948,"date":"2015-08-20T06:23:46","date_gmt":"2015-08-20T11:23:46","guid":{"rendered":"http:\/\/contraluzcucuta.co\/?p=24948"},"modified":"2015-10-01T14:41:46","modified_gmt":"2015-10-01T19:41:46","slug":"candidato-al-concejo-organicemos-lo-que-hay-jaime-ricardo-marthey-tello","status":"publish","type":"post","link":"https:\/\/contraluzcucuta.co\/?p=24948","title":{"rendered":"CANDIDATO AL CONCEJO. &#8220;Organicemos lo que hay&#8221;: Jaime Ricardo Marthey Tello"},"content":{"rendered":"<p>Jaime Marthey es cucute\u00f1o, abogado especializado en derecho laboral, especialista en seguridad social. Naci\u00f3 el 9 de mayo de 1974. Estudi\u00f3 la primaria en la escuela del barrio Colsag y el bachillerato en el colegio Sagrado Coraz\u00f3n de Jes\u00fas.<\/p>\n<p>Entre los cargos desempe\u00f1ados destacan:<\/p>\n<p>1.- Funcionario del ISS, entre 1995 y 1999.<\/p>\n<p>2.- Director Operativo de Tr\u00e1nsito Municipal, en el 2000<\/p>\n<p>3.- Abogado litigante al servicio de la comunidad<\/p>\n<p>\u201cAcudo a la invitaci\u00f3n\u00a0 del Partido Liberal para postular mi nombre como candidato al Concejo de C\u00facuta, convencido de que se puede ser \u2018honorable\u2019 aportando a la ciudad todo lo que hemos demostrado saber y hacer bien en lo privado\u201d.<\/p>\n<p>Este es un proyecto familiar y de amigos, de personas cercanas y conocidas que se sientan vinculadas por la necesidad que presentan las actuales circunstancias de la ciudad.<\/p>\n<p>\u201cLos cucute\u00f1os piden a gritos que personas nuevas, frescas en pol\u00edtica, incursionemos con innovaci\u00f3n de ideas y capacidad de trabajo con compromiso social\u201d.<\/p>\n<p>&nbsp; <\/p>\n","protected":false},"excerpt":{"rendered":"<p>Jaime Marthey es cucute\u00f1o, abogado especializado en derecho laboral, especialista en seguridad social. Naci\u00f3 el 9 de mayo de 1974. Estudi\u00f3 la primaria en la escuela del barrio Colsag y el bachillerato en el colegio Sagrado Coraz\u00f3n de Jes\u00fas. Entre los cargos desempe\u00f1ados destacan: 1.- Funcionario del ISS, entre 1995 y 1999. 2.- Director Operativo &hellip;<\/p>\n","protected":false},"author":1,"featured_media":24949,"comment_status":"open","ping_status":"open","sticky":false,"template":"","format":"standard","meta":{"footnotes":""},"categories":[9],"tags":[2477,2478],"class_list":["post-24948","post","type-post","status-publish","format-standard","has-post-thumbnail","hentry","category-politica","tag-candidato-al-concejo-de-cucuta","tag-jaime-ricardo-marthey-tello"],"_links":{"self":[{"href":"https:\/\/contraluzcucuta.co\/index.php?rest_route=\/wp\/v2\/posts\/24948","targetHints":{"allow":["GET"]}}],"collection":[{"href":"https:\/\/contraluzcucuta.co\/index.php?rest_route=\/wp\/v2\/posts"}],"about":[{"href":"https:\/\/contraluzcucuta.co\/index.php?rest_route=\/wp\/v2\/types\/post"}],"author":[{"embeddable":true,"href":"https:\/\/contraluzcucuta.co\/index.php?rest_route=\/wp\/v2\/users\/1"}],"replies":[{"embeddable":true,"href":"https:\/\/contraluzcucuta.co\/index.php?rest_route=%2Fwp%2Fv2%2Fcomments&post=24948"}],"version-history":[{"count":1,"href":"https:\/\/contraluzcucuta.co\/index.php?rest_route=\/wp\/v2\/posts\/24948\/revisions"}],"predecessor-version":[{"id":24950,"href":"https:\/\/contraluzcucuta.co\/index.php?rest_route=\/wp\/v2\/posts\/24948\/revisions\/24950"}],"wp:featuredmedia":[{"embeddable":true,"href":"https:\/\/contraluzcucuta.co\/index.php?rest_route=\/wp\/v2\/media\/24949"}],"wp:attachment":[{"href":"https:\/\/contraluzcucuta.co\/index.php?rest_route=%2Fwp%2Fv2%2Fmedia&parent=24948"}],"wp:term":[{"taxonomy":"category","embeddable":true,"href":"https:\/\/contraluzcucuta.co\/index.php?rest_route=%2Fwp%2Fv2%2Fcategories&post=24948"},{"taxonomy":"post_tag","embeddable":true,"href":"https:\/\/contraluzcucuta.co\/index.php?rest_route=%2Fwp%2Fv2%2Ftags&post=24948"}],"curies":[{"name":"wp","href":"https:\/\/api.w.org\/{rel}","templated":true}]}}