{"id":24923,"date":"2015-08-17T21:17:51","date_gmt":"2015-08-18T02:17:51","guid":{"rendered":"http:\/\/contraluzcucuta.co\/?p=24923"},"modified":"2015-08-17T21:17:51","modified_gmt":"2015-08-18T02:17:51","slug":"futbol-profesional-la-realidad-que-dan-los-numeros-sobre-el-cucuta-deportivo","status":"publish","type":"post","link":"https:\/\/contraluzcucuta.co\/?p=24923","title":{"rendered":"F\u00daTBOL PROFESIONAL. La realidad que dan los n\u00fameros sobre el C\u00facuta Deportivo"},"content":{"rendered":"<p>El C\u00facuta Deportivo, en el segundo torneo del a\u00f1o, tiene un rendimiento del 33,33 por ciento, jugada la sexta fecha. En esa clasificaci\u00f3n ocupa la casilla 14. El primero es Nacional con 86,67 por ciento. En los dem\u00e1s apartados tampoco est\u00e1 bien ubicado.<\/p>\n<p>Los motilones no han aprovechado la condici\u00f3n de locales para sumar y pensar en la posibilidad de mantenerse en la primera categor\u00eda del f\u00fatbol profesional colombiano. Solo ha ganado un partido y empatado dos. Como visitantes no han logrado un empate siquiera.<\/p>\n<p>El puesto que ocupa en la clasificaci\u00f3n general est\u00e1 evidenciado en la falta de goles. Solo ha marcado dos y le han convertido ocho, para una diferencia negativa de seis. La delantera es improductiva y la defensa vulnerable.<\/p>\n<p>El cuadro rojinegro ocupa la posici\u00f3n 16, entre los 20 equipos, y acumula 5 puntos. Esa baja sumatoria lo tiene en la segunda casilla del listado del descenso, con 0,918 puntos de promedio y seguro aspirante a perder la m\u00e1xima categor\u00eda.<\/p>\n<p>La siguiente es la estad\u00edstica del C\u00facuta Deportivo en el campeonato rentado nacional:<\/p>\n<p>Partidos ganados<\/p>\n<p><strong>14\u00ba<\/strong>\u00a0\u00a0\u00a0\u00a0 CUCUTA\u00a0\u00a0\u00a0\u00a0\u00a0\u00a0\u00a0 1<\/p>\n<p>Partidos empatados<\/p>\n<p><strong>11\u00ba<\/strong>\u00a0\u00a0\u00a0\u00a0 CUCUTA\u00a0\u00a0\u00a0\u00a0\u00a0\u00a0\u00a0 2<\/p>\n<p>Partidos perdidos<\/p>\n<p><strong>6\u00ba<\/strong>\u00a0\u00a0\u00a0\u00a0\u00a0\u00a0 CUCUTA\u00a0\u00a0\u00a0\u00a0\u00a0\u00a0\u00a0 2<\/p>\n<p>Goles a favor<\/p>\n<p><strong>17\u00ba<\/strong>\u00a0\u00a0\u00a0\u00a0 CUCUTA\u00a0\u00a0\u00a0\u00a0\u00a0\u00a0\u00a0 2<\/p>\n<p>Goles en contra<\/p>\n<p><strong>4\u00ba<\/strong>\u00a0\u00a0\u00a0\u00a0\u00a0\u00a0 CUCUTA\u00a0\u00a0\u00a0\u00a0\u00a0\u00a0\u00a0 8<\/p>\n<p>Promedio de goles<\/p>\n<p><strong>17\u00ba<\/strong>\u00a0\u00a0\u00a0\u00a0 CUCUTA\u00a0\u00a0\u00a0\u00a0\u00a0\u00a0\u00a0 0,33<\/p>\n<p>Partidos de local<\/p>\n<p><strong>9\u00ba<\/strong>\u00a0\u00a0\u00a0\u00a0\u00a0\u00a0 CUCUTA\u00a0\u00a0\u00a0\u00a0\u00a0\u00a0\u00a0 5<\/p>\n<p>Partidos de visitante<\/p>\n<p><strong>19\u00ba<\/strong>\u00a0\u00a0\u00a0\u00a0 CUCUTA\u00a0\u00a0\u00a0\u00a0\u00a0\u00a0\u00a0 0<\/p>\n<p><strong>Rendimiento en el campeonato<\/strong><\/p>\n<p>Total<\/p>\n<p><strong>14\u00ba<\/strong>\u00a0\u00a0\u00a0\u00a0 CUCUTA\u00a0\u00a0\u00a0\u00a0\u00a0\u00a0\u00a0 33,33%<\/p>\n<p>Local<\/p>\n<p><strong>6\u00ba<\/strong>\u00a0\u00a0\u00a0\u00a0\u00a0\u00a0 CUCUTA\u00a0\u00a0\u00a0\u00a0\u00a0\u00a0\u00a0 55,56%<\/p>\n<p>Visitante<\/p>\n<p><strong>19\u00ba<\/strong>\u00a0\u00a0\u00a0\u00a0 CUCUTA\u00a0\u00a0\u00a0\u00a0\u00a0\u00a0\u00a0 0,00%<\/p>\n<p>Diferencia de goles<\/p>\n<p><strong>19\u00ba<\/strong>\u00a0\u00a0\u00a0\u00a0 CUCUTA\u00a0\u00a0\u00a0\u00a0\u00a0\u00a0\u00a0 -6<\/p>\n<p><strong>Cortes\u00eda: Luis Carlos Cepeda &#8211; Pablo Eduardo Garc\u00eda<\/strong><\/p>\n<p><strong>Foto:<\/strong>https:\/\/www.facebook.com\/pages\/Cucuta-Deportivo\/83374238623?fref=ts <\/p>\n","protected":false},"excerpt":{"rendered":"<p>El C\u00facuta Deportivo, en el segundo torneo del a\u00f1o, tiene un rendimiento del 33,33 por ciento, jugada la sexta fecha. En esa clasificaci\u00f3n ocupa la casilla 14. El primero es Nacional con 86,67 por ciento. En los dem\u00e1s apartados tampoco est\u00e1 bien ubicado. Los motilones no han aprovechado la condici\u00f3n de locales para sumar y &hellip;<\/p>\n","protected":false},"author":1,"featured_media":24924,"comment_status":"open","ping_status":"open","sticky":false,"template":"","format":"standard","meta":{"footnotes":""},"categories":[28],"tags":[1987,301,2355],"class_list":["post-24923","post","type-post","status-publish","format-standard","has-post-thumbnail","hentry","category-vistazo-deportivo","tag-cucuta-deportivo-2015","tag-futbol-profesional-colombiano","tag-liga-aguila-2015"],"_links":{"self":[{"href":"https:\/\/contraluzcucuta.co\/index.php?rest_route=\/wp\/v2\/posts\/24923","targetHints":{"allow":["GET"]}}],"collection":[{"href":"https:\/\/contraluzcucuta.co\/index.php?rest_route=\/wp\/v2\/posts"}],"about":[{"href":"https:\/\/contraluzcucuta.co\/index.php?rest_route=\/wp\/v2\/types\/post"}],"author":[{"embeddable":true,"href":"https:\/\/contraluzcucuta.co\/index.php?rest_route=\/wp\/v2\/users\/1"}],"replies":[{"embeddable":true,"href":"https:\/\/contraluzcucuta.co\/index.php?rest_route=%2Fwp%2Fv2%2Fcomments&post=24923"}],"version-history":[{"count":1,"href":"https:\/\/contraluzcucuta.co\/index.php?rest_route=\/wp\/v2\/posts\/24923\/revisions"}],"predecessor-version":[{"id":24925,"href":"https:\/\/contraluzcucuta.co\/index.php?rest_route=\/wp\/v2\/posts\/24923\/revisions\/24925"}],"wp:featuredmedia":[{"embeddable":true,"href":"https:\/\/contraluzcucuta.co\/index.php?rest_route=\/wp\/v2\/media\/24924"}],"wp:attachment":[{"href":"https:\/\/contraluzcucuta.co\/index.php?rest_route=%2Fwp%2Fv2%2Fmedia&parent=24923"}],"wp:term":[{"taxonomy":"category","embeddable":true,"href":"https:\/\/contraluzcucuta.co\/index.php?rest_route=%2Fwp%2Fv2%2Fcategories&post=24923"},{"taxonomy":"post_tag","embeddable":true,"href":"https:\/\/contraluzcucuta.co\/index.php?rest_route=%2Fwp%2Fv2%2Ftags&post=24923"}],"curies":[{"name":"wp","href":"https:\/\/api.w.org\/{rel}","templated":true}]}}