{"id":24920,"date":"2015-08-16T09:25:41","date_gmt":"2015-08-16T14:25:41","guid":{"rendered":"http:\/\/contraluzcucuta.co\/?p=24920"},"modified":"2015-08-16T09:25:41","modified_gmt":"2015-08-16T14:25:41","slug":"futbol-profesional-cucuta-deportivo-se-la-juega-toda-contra-cortulua","status":"publish","type":"post","link":"https:\/\/contraluzcucuta.co\/?p=24920","title":{"rendered":"F\u00daTBOL PROFESIONAL. C\u00facuta Deportivo se la juega toda contra Cortulu\u00e1"},"content":{"rendered":"<p><strong>C\u00daCUTA.-<\/strong> Despu\u00e9s de un receso en las canchas colombianas, el C\u00facuta Deportivo regresa al estadio General Santander para enfrentar a Cortulu\u00e1. El partido correspondiente a las sexta fecha del torneo profesional colombiano inicia \u00a0\u00a0a las 5:30 de la tarde.<\/p>\n<p>Los dos elencos llegan con la necesidad de ganar para escalar en la tabla del campeonato colombiano, sumar otros tres puntos en la pelea por el descenso y alejarse del \u2018enemigo\u2019 directo en esa inc\u00f3moda clasificaci\u00f3n. Cortulu\u00e1 suma 12 puntos, y ocupa la tercera casilla, mientras que los motilones \u00a0han ganado cuatro puntos y son 18.<\/p>\n<p>La afici\u00f3n sigue sin entender el desinter\u00e9s de los directivos rojinegros para conformar un equipo que d\u00e9 la pelea y no vuelva a caer en la segunda categor\u00eda, como ocurri\u00f3 en \u00e9pocas lejanas y a\u00f1os recientes.<\/p>\n<p>Para este encuentro el profesor Jos\u00e9 Flabio Torres confirm\u00f3 en la n\u00f3mina al atacante ecuatoriano Marlon de Jes\u00fas Pab\u00f3n y a los mediocampistas Edwin M\u00f3vil y John Hurtado. Los convocados para el juego ante el cuadro tulue\u00f1o son:<\/p>\n<p><strong>Arqueros:<\/strong> Luis Delgado y Miguel Vargas.<\/p>\n<p><strong>Defensas:<\/strong> Germ\u00e1n Centuri\u00f3n, Pablo Escobar, Harold G\u00f3mez y John Monta\u00f1o.<\/p>\n<p><strong>Mediocampistas:<\/strong> Jefferson Murillo, John Hurtado, Gustavo Bol\u00edvar, Darwin Carrero, Edwin M\u00f3vil, Estefano Arango y Mart\u00edn Morel.<\/p>\n<p><strong>Atacantes:<\/strong> Cristi\u00e1n D\u00e1jome, Marlos De Jes\u00fas Pab\u00f3n y Jonathan Palacios.<\/p>\n<p><strong>Foto: ALIRIO PARRA<\/strong><\/p>\n<p>&nbsp; <\/p>\n","protected":false},"excerpt":{"rendered":"<p>C\u00daCUTA.- Despu\u00e9s de un receso en las canchas colombianas, el C\u00facuta Deportivo regresa al estadio General Santander para enfrentar a Cortulu\u00e1. El partido correspondiente a las sexta fecha del torneo profesional colombiano inicia \u00a0\u00a0a las 5:30 de la tarde. Los dos elencos llegan con la necesidad de ganar para escalar en la tabla del campeonato &hellip;<\/p>\n","protected":false},"author":1,"featured_media":24921,"comment_status":"open","ping_status":"open","sticky":false,"template":"","format":"standard","meta":{"footnotes":""},"categories":[28],"tags":[2474,2010],"class_list":["post-24920","post","type-post","status-publish","format-standard","has-post-thumbnail","hentry","category-vistazo-deportivo","tag-cucuta-deputbol-profesional-colombiano","tag-liga-aguila"],"_links":{"self":[{"href":"https:\/\/contraluzcucuta.co\/index.php?rest_route=\/wp\/v2\/posts\/24920","targetHints":{"allow":["GET"]}}],"collection":[{"href":"https:\/\/contraluzcucuta.co\/index.php?rest_route=\/wp\/v2\/posts"}],"about":[{"href":"https:\/\/contraluzcucuta.co\/index.php?rest_route=\/wp\/v2\/types\/post"}],"author":[{"embeddable":true,"href":"https:\/\/contraluzcucuta.co\/index.php?rest_route=\/wp\/v2\/users\/1"}],"replies":[{"embeddable":true,"href":"https:\/\/contraluzcucuta.co\/index.php?rest_route=%2Fwp%2Fv2%2Fcomments&post=24920"}],"version-history":[{"count":1,"href":"https:\/\/contraluzcucuta.co\/index.php?rest_route=\/wp\/v2\/posts\/24920\/revisions"}],"predecessor-version":[{"id":24922,"href":"https:\/\/contraluzcucuta.co\/index.php?rest_route=\/wp\/v2\/posts\/24920\/revisions\/24922"}],"wp:featuredmedia":[{"embeddable":true,"href":"https:\/\/contraluzcucuta.co\/index.php?rest_route=\/wp\/v2\/media\/24921"}],"wp:attachment":[{"href":"https:\/\/contraluzcucuta.co\/index.php?rest_route=%2Fwp%2Fv2%2Fmedia&parent=24920"}],"wp:term":[{"taxonomy":"category","embeddable":true,"href":"https:\/\/contraluzcucuta.co\/index.php?rest_route=%2Fwp%2Fv2%2Fcategories&post=24920"},{"taxonomy":"post_tag","embeddable":true,"href":"https:\/\/contraluzcucuta.co\/index.php?rest_route=%2Fwp%2Fv2%2Ftags&post=24920"}],"curies":[{"name":"wp","href":"https:\/\/api.w.org\/{rel}","templated":true}]}}