{"id":24917,"date":"2015-08-15T20:47:35","date_gmt":"2015-08-16T01:47:35","guid":{"rendered":"http:\/\/contraluzcucuta.co\/?p=24917"},"modified":"2015-08-18T21:50:56","modified_gmt":"2015-08-19T02:50:56","slug":"tamara-a-la-gobernacion-llego-la-hora-de-un-norte-a-todo-tren","status":"publish","type":"post","link":"https:\/\/contraluzcucuta.co\/?p=24917","title":{"rendered":"T\u00c1MARA A LA GOBERNACI\u00d3N. Lleg\u00f3 la hora de un Norte a todo tren"},"content":{"rendered":"<p>Para los nortesantandereanos comunes, quienes aman y sienten su regi\u00f3n, no la abandonan y buscan en ella su raz\u00f3n de ser y permanecer con sus familias, son l\u00edderes comunales, sociales y comunitarios; j\u00f3venes, emprendedores; peque\u00f1os, medianos y grandes empresarios; lideresas de organizaciones de mujeres, de equidad y g\u00e9nero; defensores de derechos humanos y animalistas; dirigentes campesinos y de poblaci\u00f3n en situaci\u00f3n de discapacidad; ambientalistas; todos, viven con entereza, pero inmersos en una muy grave crisis social, econ\u00f3mica y de liderazgo donde prevalecen la corrupci\u00f3n, los intereses personales de unos pocos por encima de las realidades que vive la gran mayor\u00eda.<\/p>\n<p>Para modificar este estatus decadente y tendiente a la inequidad no al progreso general, se han propuesto varios candidatos a la Gobernaci\u00f3n. Algunos han tenido responsabilidades ejecutivas y puestos de mando desde donde poco han respondido por cambiar la situaci\u00f3n y corregirla por esa familia leal que les han tenido por l\u00edderes.<\/p>\n<p>Por eso acompa\u00f1o y sugiero a Ram\u00f3n El\u00ed T\u00e1mara Rivera, licenciado en sociales, especializado en Educaci\u00f3n para la Democracia y el Desarrollo Social en la Universidad de Pamplona. Estudios de relaciones laborales internacionales en el Centro de Estudios de la OIT, en Tur\u00edn (Italia), y en negociaci\u00f3n colectiva en la Escuela Manuel Ballesteiros, en Madrid (Espa\u00f1a); delegado de los trabajadores ante el CCLA de la C A N, en Lima (Per\u00fa)<\/p>\n<p>Hijo de Bucarasica, donde estudi\u00f3 la primaria, conoci\u00f3 del amor por la naturaleza, los principios, los valores por la familia y las buenas costumbres. Profesor, luchador por la equidad y la justicia social. L\u00edder c\u00edvico, social, sindical y profesional, como relevo para orientar el departamento hacia un nuevo modelo econ\u00f3mico social productivo, tur\u00edstico, competitivo, capaz de resolverse con el mundo en una agenda plural y din\u00e1mica de relaciones e iniciativas, porque hay desaf\u00edos y oportunidades.<\/p>\n<p>Las prioridades se establecen en ocho ejes fundamentales y otros tantos que le subyacen en pro de una actualizaci\u00f3n de ciudades, poblados y veredas para reivindicar un legado hist\u00f3rico suspendido en la median\u00eda del siglo pasado ante la embriaguez del comercio con petrod\u00f3lares de Venezuela.<\/p>\n<p>La agenda y plataforma de trabajo para el progreso socio econ\u00f3mico, es una propuesta alternativa para una Gobernaci\u00f3n visionaria, ejecutora y \u00e9tica para una gesti\u00f3n continua de desarrollo, con acciones estrat\u00e9gicas potenciales y reales para desarrollar, erradicar la pobreza y propiciar oportunidades de competitividad de los emprendedores, sectores comunitarios y productivos, en busca de realidades de amplia cobertura social. Toda una gesta digna de un l\u00edder hiperactivo, responsable.<\/p>\n<p>La visi\u00f3n global del siglo 21 implica que \u201cquien no vive en el futuro, ma\u00f1ana vivir\u00e1 en el pasado\u201d (1). Como Entidad territorial debe prepararse para en el futuro avanzar a las nuevas d\u00e9cadas inmerso en todas sus din\u00e1micas de vanguardia.<\/p>\n<p>Por eso el proyecto de un nuevo modelo econ\u00f3mico y social regional para iniciarlo en los pr\u00f3ximos cuatro a\u00f1os sembr\u00e1ndolo de profesionales l\u00edderes con visi\u00f3n y funci\u00f3n global.<\/p>\n<p>Los tres factores de impulso que nos motivan a proponerlo: la era del conocimiento proyectada por el capital intelectual, desde las academias, las empresas y con la innovaci\u00f3n cotidiana. Simult\u00e1neo con la era del cambio r\u00e1pido, en el cual se pasa de la permanencia o estancamiento a los procesos de mutaciones o aceleraci\u00f3n provocada por la h\u00edper competencia mundial sufrida en el \u00e1mbito nacional, regional y local y la incertidumbre en la interrelaci\u00f3n de factores internos y externos. La globalizaci\u00f3n en producciones, mercados, comercio, finanzas y la informaci\u00f3n con enlaces inmediatos imposibles de controlar sino asumir en el cauce. Llegamos rezagados, pero no incapaces, y tenemos una base operativa en plena marcha con talento ingresando (capital intelectual) con aspiraci\u00f3n y disciplina avasallando por oportunidades para participar. Hay que incluirnos, lograr y competir.<\/p>\n<p>Se considera a la generaci\u00f3n de relevo, la juventud multiplicada en aulas y en diplomas, \u00e1vida de oportunidades, de movilidad social y laboral, como el resorte a partir del cual el nuevo modelo econ\u00f3mico debe imprimirle producci\u00f3n, competencia, calidad de vida y prosperidad a la regi\u00f3n hasta hoy marginal en la vida nacional y en su participaci\u00f3n del PIB. Una pol\u00edtica oficial ser\u00e1 estimularla. Con esta insignia la educaci\u00f3n toma un lugar preponderante destac\u00e1ndose como formadora del talento regional y gerente de la trasferencia de tecnolog\u00edas, emprendimiento y conocimientos para enriquecer la fuerza laboral, imprimir las din\u00e1micas sociales y aportar innovaci\u00f3n con \u00e9tica a la sociedad. Investigaci\u00f3n, innovaci\u00f3n, formulaci\u00f3n, planeaci\u00f3n, agenda, control y desempe\u00f1o cr\u00edtico deben integrarse al lenguaje y la obra comunitaria en marcha a todo tren.<\/p>\n<p>El foco de las movilizaciones se centrar\u00e1 en resolver el diagn\u00f3stico regional cumpliendo una misi\u00f3n, una visi\u00f3n y objetivos claros, precisos y fundamentales para el crecimiento econ\u00f3mico que comporta la confianza y empuja el trabajo en equipo. Crecer no es f\u00e1cil, pero es factible en la comunidad de empresas y logros.<\/p>\n<p>Incorporar temas de infraestructura vial, de trasporte multimodal, para retornar ferrocarriles, turismo interno y externo, diversificaci\u00f3n, aporta una pedagog\u00eda pol\u00edtica de liderazgo consecuente con innovaci\u00f3n. Los factores b\u00e1sicos que promueven los inversores son claves de la funci\u00f3n p\u00fablica para responder al ciudadano y ayudarlo a incorporarse al mundo de cambios globalizado. El ambiente, los recursos disponibles, las tecnolog\u00edas, la cooperaci\u00f3n para el avance, ser\u00e1n de utilidad constante para situarnos en medio de la comunidad plural activa, civilizada, con su civismo activo. Unirnos es una necesidad y una conveniencia para desatar progreso.<\/p>\n<p>El desaf\u00edo de articular un plan integral con un eje trasversal que responda a las demandas regionales es el reto por desarrollar con la comunidad liderada por una gesti\u00f3n p\u00fablica \u00e9tica y din\u00e1mica. Somos un departamento de pobres, y nosotros somos parte de ellos por eso debemos movilizarnos a alcanzar objetivos, metas, planes y ejecutor\u00edas de val\u00eda con m\u00faltiples impactos y los mayores resultados.<\/p>\n<p><strong>LUIS E. CAMARGO OROZCO<\/strong><\/p>\n<p><strong><a href=\"mailto:cafe.norte@gmail.com\">cafe.norte@gmail.com<\/a><\/strong><\/p>\n<p><strong>Foto: CAMPA\u00d1A POL\u00cdTICA<\/strong><\/p>\n<ol>\n<li><strong>Elyard, Peter, Learming Revolution, Melbourne University Press, 1997<\/strong><\/li>\n<\/ol>\n<p><strong>\u00a0<\/strong> <\/p>\n","protected":false},"excerpt":{"rendered":"<p>Para los nortesantandereanos comunes, quienes aman y sienten su regi\u00f3n, no la abandonan y buscan en ella su raz\u00f3n de ser y permanecer con sus familias, son l\u00edderes comunales, sociales y comunitarios; j\u00f3venes, emprendedores; peque\u00f1os, medianos y grandes empresarios; lideresas de organizaciones de mujeres, de equidad y g\u00e9nero; defensores de derechos humanos y animalistas; dirigentes &hellip;<\/p>\n","protected":false},"author":1,"featured_media":24918,"comment_status":"open","ping_status":"open","sticky":false,"template":"","format":"standard","meta":{"footnotes":""},"categories":[32],"tags":[2333,2473],"class_list":["post-24917","post","type-post","status-publish","format-standard","has-post-thumbnail","hentry","category-recorrido-por-la-region","tag-candidato-a-la-gobernacion","tag-ramon-tamara"],"_links":{"self":[{"href":"https:\/\/contraluzcucuta.co\/index.php?rest_route=\/wp\/v2\/posts\/24917","targetHints":{"allow":["GET"]}}],"collection":[{"href":"https:\/\/contraluzcucuta.co\/index.php?rest_route=\/wp\/v2\/posts"}],"about":[{"href":"https:\/\/contraluzcucuta.co\/index.php?rest_route=\/wp\/v2\/types\/post"}],"author":[{"embeddable":true,"href":"https:\/\/contraluzcucuta.co\/index.php?rest_route=\/wp\/v2\/users\/1"}],"replies":[{"embeddable":true,"href":"https:\/\/contraluzcucuta.co\/index.php?rest_route=%2Fwp%2Fv2%2Fcomments&post=24917"}],"version-history":[{"count":1,"href":"https:\/\/contraluzcucuta.co\/index.php?rest_route=\/wp\/v2\/posts\/24917\/revisions"}],"predecessor-version":[{"id":24919,"href":"https:\/\/contraluzcucuta.co\/index.php?rest_route=\/wp\/v2\/posts\/24917\/revisions\/24919"}],"wp:featuredmedia":[{"embeddable":true,"href":"https:\/\/contraluzcucuta.co\/index.php?rest_route=\/wp\/v2\/media\/24918"}],"wp:attachment":[{"href":"https:\/\/contraluzcucuta.co\/index.php?rest_route=%2Fwp%2Fv2%2Fmedia&parent=24917"}],"wp:term":[{"taxonomy":"category","embeddable":true,"href":"https:\/\/contraluzcucuta.co\/index.php?rest_route=%2Fwp%2Fv2%2Fcategories&post=24917"},{"taxonomy":"post_tag","embeddable":true,"href":"https:\/\/contraluzcucuta.co\/index.php?rest_route=%2Fwp%2Fv2%2Ftags&post=24917"}],"curies":[{"name":"wp","href":"https:\/\/api.w.org\/{rel}","templated":true}]}}