{"id":24911,"date":"2015-08-15T14:23:13","date_gmt":"2015-08-15T19:23:13","guid":{"rendered":"http:\/\/contraluzcucuta.co\/?p=24911"},"modified":"2015-08-15T14:23:13","modified_gmt":"2015-08-15T19:23:13","slug":"monsenor-victor-ochoa-soy-un-obrerito-que-vino-a-cucuta-a-trabajar","status":"publish","type":"post","link":"https:\/\/contraluzcucuta.co\/?p=24911","title":{"rendered":"MONSE\u00d1OR V\u00cdCTOR OCHOA. \u00a0\u201cSoy un obrerito que vino a C\u00facuta a trabajar\u201d"},"content":{"rendered":"<p><strong>C\u00daCUTA.-<\/strong> Dos impresiones antag\u00f3nicas quedaron grabadas en la memoria de monse\u00f1or V\u00edctor Ochoa Cadavid luego de reunirse con los cucute\u00f1os que lo recibieron en la nueva casa apost\u00f3lica que gobernar\u00e1. En primera instancia le llamaron la atenci\u00f3n los desplazados v\u00edctimas de la violencia y los pobres de Gramalote que esperan su pueblo. En segundo t\u00e9rmino, lo impact\u00f3 ver la alegr\u00eda de los j\u00f3venes, a quienes calific\u00f3 como \u2018avispados\u2019.<\/p>\n<p>El reci\u00e9n posesionado pastor de la Di\u00f3cesis de C\u00facuta es jovial, alegre y buena persona. De entrada trasmite confianza y al mirarlo a los ojos se refleja la frescura de la juventud. La dignidad como obispo no lo lleva a repeler a sus semejantes laicos, sino que permite el acercamiento en medio del respeto\u00a0 y la autoridad.<\/p>\n<p>Monse\u00f1or Ochoa Cadavid naci\u00f3 el 18 de octubre de 1962. Pr\u00f3ximo a cumplir 24 a\u00f1os se orden\u00f3 sacerdote y antes de llegar a los 44 a\u00f1os recibi\u00f3 el grado de obispo. Vestido de p\u00farpura lleva 9 a\u00f1os. Benedicto XVI lo nombr\u00f3 obispo auxiliar de Medell\u00edn (2006) y luego lo traslad\u00f3 a M\u00e1laga (2011). El papa Francisco lo envi\u00f3 a C\u00facuta en remplazo de monse\u00f1or Julio C\u00e9sar Vidal.<\/p>\n<p>\u201cSoy un obrerito que vino a C\u00facuta a trabajar, a buscar a los que est\u00e1n en dificultades, a darles una raz\u00f3n de esperanza\u201d, lo dijo con humildad en el encuentro con los periodistas cucute\u00f1os ante quienes hizo revelaciones personales, como la de tener en el nochero un radio en el que puede sintonizar hasta 18.000 emisoras. Tambi\u00e9n\u00a0 tiene tel\u00e9fono celular y vive pendiente de los medios de comunicaci\u00f3n.<\/p>\n<p>\u201cCuenten conmigo en lo que humildemente pueda ayudarles. Mi puerta, \u00a0mi casa y mi coraz\u00f3n estar\u00e1n abiertos para ustedes. Soy un pobre y humilde siervo\u201d.<\/p>\n<p>En la mano derecha luce el anillo pastoral, ancho y plateado. Sobre el pecho descuelga la cruz pectoral, tambi\u00e9n plateada, y en la cabeza luce el solideo violeta, que traducido al espa\u00f1ol significa \u2018solo a Dios\u2019. El faj\u00edn violeta resalta sobre el h\u00e1bito beis que viste para la ocasi\u00f3n.<\/p>\n<p>Para entrar en confianza con los periodistas locales, monse\u00f1or Ochoa dijo sentirse como los antiguos romanos \u201cen medio de los leones\u201d. Luego, aclar\u00f3 que lo dec\u00eda con cari\u00f1o. \u201cLlego a C\u00facuta despu\u00e9s de ser obispo de M\u00e1laga (Santander), una regi\u00f3n pobre y compleja, una iglesia bien particular, que vive las realidades de nuestro pa\u00eds\u201d.<\/p>\n<p>En la mesa principal es \u00a0raro no ver a alg\u00fan sacerdote que lo acompa\u00f1e. El Obispo tom\u00f3 asiento y entreg\u00f3 el saludo. Habl\u00f3 pausado, el acento paisa no es marcado, tampoco el manoteo santandereano. \u201cEspero tener buena amistad con ustedes\u201d, les confes\u00f3 a los envidos por la prensa hablada, escrita, televisiva y de internet.<\/p>\n<p>De la zona fronteriza sabe que es viva y que hay un mont\u00f3n de elementos y de hechos particulares. \u201cEspero muchas cosas de C\u00facuta. Para m\u00ed, C\u00facuta es una mina de esperanza. C\u00facuta recoge lo mejor del pa\u00eds. No puedo darles una c\u00e1tedra de C\u00facuta, porque no la conozco\u201d. Lo que conoce de la capital de Norte de Santander es de o\u00eddas, de voces y de referencias de otras personas y por otros obispos.<\/p>\n<p>De lo que s\u00ed est\u00e1 seguro es que esta es la esquina de la casa, donde hay valores, esperanzas, riquezas y situaciones dif\u00edciles. \u201cEl ser frontera nos hace vulnerables\u201d. Conoce que, con Cartagena, Bogot\u00e1 y Cali, C\u00facuta es de las ciudades que m\u00e1s desplazados tiene.<\/p>\n<p>\u201cMe gusta ver el vaso medio lleno, no medio vac\u00edo. Tenemos aqu\u00ed y ahora grandes personas, gran trabajo, una Iglesia viva y que anuncia a Jesucristo para ponerlo en el coraz\u00f3n y en la vida de hombres y mujeres\u201d, dijo monse\u00f1or V\u00edctor Manuel Ochoa.<\/p>\n<p>Al final del encuentro otra sonrisa y la despedida. Por lo que dej\u00f3 entrever ser\u00e1 una fuente de informaci\u00f3n de f\u00e1cil acceso. Am\u00e9n (en espa\u00f1ol significa \u2018as\u00ed sea\u2019).<\/p>\n<p><strong>RAFAEL ANTONIO PAB\u00d3N<\/strong><\/p>\n<p><strong><a href=\"mailto:rafaelpabon58@hotmail.com\">rafaelpabon58@hotmail.com<\/a><\/strong><\/p>\n<p><strong>Foto: <a href=\"http:\/\/www.contraluzcucuta.co\">www.contraluzcucuta.co<\/a><\/strong><\/p>\n<p>&nbsp; <\/p>\n","protected":false},"excerpt":{"rendered":"<p>C\u00daCUTA.- Dos impresiones antag\u00f3nicas quedaron grabadas en la memoria de monse\u00f1or V\u00edctor Ochoa Cadavid luego de reunirse con los cucute\u00f1os que lo recibieron en la nueva casa apost\u00f3lica que gobernar\u00e1. En primera instancia le llamaron la atenci\u00f3n los desplazados v\u00edctimas de la violencia y los pobres de Gramalote que esperan su pueblo. En segundo t\u00e9rmino, &hellip;<\/p>\n","protected":false},"author":1,"featured_media":24912,"comment_status":"open","ping_status":"open","sticky":false,"template":"","format":"standard","meta":{"footnotes":""},"categories":[541,4],"tags":[8,2412,173],"class_list":["post-24911","post","type-post","status-publish","format-standard","has-post-thumbnail","hentry","category-ciudad","category-barra","tag-diocesis-de-cucuta","tag-monsenor-victor-manuel-ochoa-cadavid","tag-obispo-de-cucuta"],"_links":{"self":[{"href":"https:\/\/contraluzcucuta.co\/index.php?rest_route=\/wp\/v2\/posts\/24911","targetHints":{"allow":["GET"]}}],"collection":[{"href":"https:\/\/contraluzcucuta.co\/index.php?rest_route=\/wp\/v2\/posts"}],"about":[{"href":"https:\/\/contraluzcucuta.co\/index.php?rest_route=\/wp\/v2\/types\/post"}],"author":[{"embeddable":true,"href":"https:\/\/contraluzcucuta.co\/index.php?rest_route=\/wp\/v2\/users\/1"}],"replies":[{"embeddable":true,"href":"https:\/\/contraluzcucuta.co\/index.php?rest_route=%2Fwp%2Fv2%2Fcomments&post=24911"}],"version-history":[{"count":1,"href":"https:\/\/contraluzcucuta.co\/index.php?rest_route=\/wp\/v2\/posts\/24911\/revisions"}],"predecessor-version":[{"id":24913,"href":"https:\/\/contraluzcucuta.co\/index.php?rest_route=\/wp\/v2\/posts\/24911\/revisions\/24913"}],"wp:featuredmedia":[{"embeddable":true,"href":"https:\/\/contraluzcucuta.co\/index.php?rest_route=\/wp\/v2\/media\/24912"}],"wp:attachment":[{"href":"https:\/\/contraluzcucuta.co\/index.php?rest_route=%2Fwp%2Fv2%2Fmedia&parent=24911"}],"wp:term":[{"taxonomy":"category","embeddable":true,"href":"https:\/\/contraluzcucuta.co\/index.php?rest_route=%2Fwp%2Fv2%2Fcategories&post=24911"},{"taxonomy":"post_tag","embeddable":true,"href":"https:\/\/contraluzcucuta.co\/index.php?rest_route=%2Fwp%2Fv2%2Ftags&post=24911"}],"curies":[{"name":"wp","href":"https:\/\/api.w.org\/{rel}","templated":true}]}}